{"id":4198,"date":"2026-01-06T12:22:41","date_gmt":"2026-01-06T11:22:41","guid":{"rendered":"https:\/\/www.iatf-france.fr\/?p=4198"},"modified":"2026-01-06T12:24:09","modified_gmt":"2026-01-06T11:24:09","slug":"iatf-france-anuncia-su-traslado-a-nuevas-oficinas-en-paris","status":"publish","type":"post","link":"https:\/\/www.iatf-france.fr\/es\/iatf-france-anuncia-su-traslado-a-nuevas-oficinas-en-paris\/","title":{"rendered":"IATF France anuncia su traslado a nuevas oficinas en Par\u00eds"},"content":{"rendered":"<section class=\"single-bloc-4\">\n    <div class=\"container\">\n        <div class=\"row\">\n            <div class=\"col-12 col-md-8 mb-4\">\n                                    <img decoding=\"async\" src=\"https:\/\/www.iatf-france.fr\/wp-content\/uploads\/2025\/05\/logoiatf.png\" alt=\"\">\n                            <\/div>\n            <div class=\"col-12 col-md-3 offset-xl-1 d-none d-md-block\">\n                <div class=\"projet-suivant\">\n                    <a href=\"https:\/\/www.iatf-france.fr\/es\/iatf-stakeholder-communique\/\">\n                        <h3>\n                            Noticia siguiente                        <\/h3>\n\n                        <h4>IATF Stakeholder Communiqu\u00e9<\/h4>\n                        <span>\n                            Leer                            <svg xmlns=\"http:\/\/www.w3.org\/2000\/svg\" width=\"15.74\" height=\"15.24\" viewBox=\"0 0 15.74 15.24\">\n                                <g id=\"Icon_feather-arrow-right\" data-name=\"Icon feather-arrow-right\" transform=\"translate(-4.252 -6.086)\">\n                                    <path id=\"Trac\u00e9_95946\" data-name=\"Trac\u00e9 95946\" d=\"M7.5,18H21.24\" transform=\"translate(-2.248 -4.294)\" fill=\"none\" stroke=\"#258aa7\" stroke-linecap=\"round\" stroke-linejoin=\"round\" stroke-width=\"2\" \/>\n                                    <path id=\"Trac\u00e9_95947\" data-name=\"Trac\u00e9 95947\" d=\"M18,7.5l6.206,6.206L18,19.912\" transform=\"translate(-5.214)\" fill=\"none\" stroke=\"#258aa7\" stroke-linecap=\"round\" stroke-linejoin=\"round\" stroke-width=\"2\" \/>\n                                <\/g>\n                            <\/svg>\n                        <\/span>\n                    <\/a>\n                <\/div>\n                <div class=\"projet-precedent\">\n                    <a href=\"https:\/\/www.iatf-france.fr\/es\/2a-reunion-del-grupo-de-trabajo-iatf-france-sernauto\/\">\n                        <h3>\n                            Noticia anterior                        <\/h3>\n                        <h4>2\u00aa Reuni\u00f3n del Grupo de Trabajo IATF France \u2013 SERNAUTO<\/h4>\n                        <span>\n                            Leer<svg xmlns=\"http:\/\/www.w3.org\/2000\/svg\" width=\"15.74\" height=\"15.24\" viewBox=\"0 0 15.74 15.24\">\n                                <g id=\"Icon_feather-arrow-right\" data-name=\"Icon feather-arrow-right\" transform=\"translate(-4.252 -6.086)\">\n                                    <path id=\"Trac\u00e9_95946\" data-name=\"Trac\u00e9 95946\" d=\"M7.5,18H21.24\" transform=\"translate(-2.248 -4.294)\" fill=\"none\" stroke=\"#258aa7\" stroke-linecap=\"round\" stroke-linejoin=\"round\" stroke-width=\"2\" \/>\n                                    <path id=\"Trac\u00e9_95947\" data-name=\"Trac\u00e9 95947\" d=\"M18,7.5l6.206,6.206L18,19.912\" transform=\"translate(-5.214)\" fill=\"none\" stroke=\"#258aa7\" stroke-linecap=\"round\" stroke-linejoin=\"round\" stroke-width=\"2\" \/>\n                                <\/g>\n                            <\/svg>\n                        <\/span>\n                    <\/a>\n                <\/div>\n            <\/div>\n            <div class=\"col-12 col-md-8 content\">\n                <div class=\"d-flex\">\n                    <div class=\"date\">\n                        <p><svg xmlns=\"http:\/\/www.w3.org\/2000\/svg\" width=\"15.356\" height=\"16.333\" viewBox=\"0 0 15.356 16.333\">\n                                <g id=\"Groupe_75\" data-name=\"Groupe 75\" transform=\"translate(-32.558 -154.717)\">\n                                    <rect id=\"Rectangle_59\" data-name=\"Rectangle 59\" width=\"14.356\" height=\"13.993\" transform=\"translate(33.058 156.558)\" fill=\"none\" stroke=\"#258aa7\" stroke-linecap=\"round\" stroke-linejoin=\"round\" stroke-width=\"1\" \/>\n                                    <line id=\"Ligne_156\" data-name=\"Ligne 156\" y1=\"2.063\" transform=\"translate(36.084 155.217)\" fill=\"none\" stroke=\"#258aa7\" stroke-linecap=\"round\" stroke-linejoin=\"round\" stroke-width=\"1\" \/>\n                                    <line id=\"Ligne_157\" data-name=\"Ligne 157\" y1=\"2.063\" transform=\"translate(44.389 155.217)\" fill=\"none\" stroke=\"#258aa7\" stroke-linecap=\"round\" stroke-linejoin=\"round\" stroke-width=\"1\" \/>\n                                    <line id=\"Ligne_158\" data-name=\"Ligne 158\" x2=\"14.356\" transform=\"translate(33.058 159.79)\" fill=\"none\" stroke=\"#258aa7\" stroke-linecap=\"round\" stroke-linejoin=\"round\" stroke-width=\"1\" \/>\n                                    <line id=\"Ligne_159\" data-name=\"Ligne 159\" y1=\"2.063\" transform=\"translate(36.084 155.217)\" fill=\"none\" stroke=\"#258aa7\" stroke-linecap=\"round\" stroke-linejoin=\"round\" stroke-width=\"1\" \/>\n                                    <line id=\"Ligne_160\" data-name=\"Ligne 160\" x2=\"1.499\" transform=\"translate(35.403 163.368)\" fill=\"none\" stroke=\"#258aa7\" stroke-linecap=\"round\" stroke-linejoin=\"round\" stroke-width=\"1\" \/>\n                                    <line id=\"Ligne_161\" data-name=\"Ligne 161\" x2=\"1.499\" transform=\"translate(39.498 163.368)\" fill=\"none\" stroke=\"#258aa7\" stroke-linecap=\"round\" stroke-linejoin=\"round\" stroke-width=\"1\" \/>\n                                    <line id=\"Ligne_162\" data-name=\"Ligne 162\" x2=\"1.499\" transform=\"translate(43.592 163.368)\" fill=\"none\" stroke=\"#258aa7\" stroke-linecap=\"round\" stroke-linejoin=\"round\" stroke-width=\"1\" \/>\n                                    <line id=\"Ligne_163\" data-name=\"Ligne 163\" x2=\"1.499\" transform=\"translate(35.403 166.847)\" fill=\"none\" stroke=\"#258aa7\" stroke-linecap=\"round\" stroke-linejoin=\"round\" stroke-width=\"1\" \/>\n                                    <line id=\"Ligne_164\" data-name=\"Ligne 164\" x2=\"1.499\" transform=\"translate(39.498 166.847)\" fill=\"none\" stroke=\"#258aa7\" stroke-linecap=\"round\" stroke-linejoin=\"round\" stroke-width=\"1\" \/>\n                                    <line id=\"Ligne_165\" data-name=\"Ligne 165\" x2=\"1.499\" transform=\"translate(43.592 166.847)\" fill=\"none\" stroke=\"#258aa7\" stroke-linecap=\"round\" stroke-linejoin=\"round\" stroke-width=\"1\" \/>\n                                <\/g>\n                            <\/svg>\n                            06\/01\/2026<\/p>\n                    <\/div>\n                    <!--<div class=\"auteur\">\n                        <p>gestion1@iatf.fr<\/p>\n                    <\/div>-->\n                <\/div>\n                <h1>IATF France anuncia su traslado a nuevas oficinas en Par\u00eds<\/h1>\n                <div class=\"descritpion\"><p><strong>IATF France se complace en anunciar el traslado de sus operaciones, a partir del 1 de enero de 2026, a una nueva direcci\u00f3n en el coraz\u00f3n de Par\u00eds: 2, Rue de Presbourg \u2013 75008 Par\u00eds<\/strong><\/p>\n<p>Este movimiento estrat\u00e9gico marca un hito importante para nuestra organizaci\u00f3n. Situada en un distrito clave para la automoci\u00f3n, nuestra nueva ubicaci\u00f3n nos sit\u00faa junto a varias instituciones importantes del ecosistema de la movilidad y la automoci\u00f3n. Este entorno reforzar\u00e1 a\u00fan m\u00e1s nuestra capacidad para colaborar, intercambiar conocimientos y mantenernos en estrecha conexi\u00f3n con las partes interesadas del sector.<\/p>\n<p>En IATF France, nuestra misi\u00f3n es <strong>gestionar, apoyar y mejorar continuamente el esquema IATF<\/strong>, garantizando su relevancia global y su impacto positivo en la cadena de suministro de la automoci\u00f3n.<\/p>\n<p>El traslado a nuestras nuevas instalaciones refleja nuestra ambici\u00f3n de reforzar esta misi\u00f3n y proporcionar un nivel de servicio a\u00fan mayor a las organizaciones a las que apoyamos.<\/p>\n<p>Desde nuestra nueva sede, estaremos en mejores condiciones para:<\/p>\n<ul>\n<li>contribuir al desarrollo y la mejora continua del esquema IATF,<\/li>\n<li>apoyar a las empresas que implementan la norma IATF 16949 en todo el mundo,<\/li>\n<li>fortalecer la cooperaci\u00f3n con socios y organismos del sector,<\/li>\n<li>y fomentar un entorno de colaboraci\u00f3n que impulse la calidad y el desempe\u00f1o en todo el sector de la movilidad.<\/li>\n<\/ul>\n<p><strong>Nuestro compromiso sigue siendo el mismo: garantizar la excelencia en la calidad en automoci\u00f3n mediante la mejora continua y un fuerte compromiso con la industria.<\/strong><\/p>\n<p>Estamos deseando dar la bienvenida a nuestras partes interesadas, socios y visitantes a nuestra nueva ubicaci\u00f3n.<\/p>\n<\/div>\n            <\/div>\n        <\/div>\n<\/section>","protected":false},"excerpt":{"rendered":"","protected":false},"author":5,"featured_media":3381,"comment_status":"closed","ping_status":"closed","sticky":false,"template":"","format":"standard","meta":{"_acf_changed":false,"inline_featured_image":false,"footnotes":""},"categories":[127],"tags":[],"class_list":["post-4198","post","type-post","status-publish","format-standard","has-post-thumbnail","hentry","category-noticias"],"acf":[],"yoast_head":"<!-- This site is optimized with the Yoast SEO plugin v27.1.1 - https:\/\/yoast.com\/product\/yoast-seo-wordpress\/ -->\n<title>IATF France anuncia su traslado a nuevas oficinas en Par\u00eds - IATF France<\/title>\n<meta name=\"robots\" content=\"index, follow, max-snippet:-1, max-image-preview:large, max-video-preview:-1\" \/>\n<link rel=\"canonical\" href=\"https:\/\/www.iatf-france.fr\/es\/iatf-france-anuncia-su-traslado-a-nuevas-oficinas-en-paris\/\" \/>\n<meta property=\"og:locale\" content=\"es_ES\" \/>\n<meta property=\"og:type\" content=\"article\" \/>\n<meta property=\"og:title\" content=\"IATF France anuncia su traslado a nuevas oficinas en Par\u00eds - IATF France\" \/>\n<meta property=\"og:url\" content=\"https:\/\/www.iatf-france.fr\/es\/iatf-france-anuncia-su-traslado-a-nuevas-oficinas-en-paris\/\" \/>\n<meta property=\"og:site_name\" content=\"IATF France\" \/>\n<meta property=\"article:published_time\" content=\"2026-01-06T11:22:41+00:00\" \/>\n<meta property=\"article:modified_time\" content=\"2026-01-06T11:24:09+00:00\" \/>\n<meta property=\"og:image\" content=\"https:\/\/www.iatf-france.fr\/wp-content\/uploads\/2025\/05\/logoiatf.png\" \/>\n\t<meta property=\"og:image:width\" content=\"500\" \/>\n\t<meta property=\"og:image:height\" content=\"344\" \/>\n\t<meta property=\"og:image:type\" content=\"image\/png\" \/>\n<meta name=\"author\" content=\"gestion1@iatf.fr\" \/>\n<meta name=\"twitter:card\" content=\"summary_large_image\" \/>\n<meta name=\"twitter:label1\" content=\"Escrito por\" \/>\n\t<meta name=\"twitter:data1\" content=\"gestion1@iatf.fr\" \/>\n\t<meta name=\"twitter:label2\" content=\"Tiempo de lectura\" \/>\n\t<meta name=\"twitter:data2\" content=\"1 minuto\" \/>\n<script type=\"application\/ld+json\" class=\"yoast-schema-graph\">{\"@context\":\"https:\/\/schema.org\",\"@graph\":[{\"@type\":\"Article\",\"@id\":\"https:\/\/www.iatf-france.fr\/es\/iatf-france-anuncia-su-traslado-a-nuevas-oficinas-en-paris\/#article\",\"isPartOf\":{\"@id\":\"https:\/\/www.iatf-france.fr\/es\/iatf-france-anuncia-su-traslado-a-nuevas-oficinas-en-paris\/\"},\"author\":{\"name\":\"gestion1@iatf.fr\",\"@id\":\"https:\/\/www.iatf-france.fr\/es\/#\/schema\/person\/e3dfd11072bbce6a61c57e057fe6ed53\"},\"headline\":\"IATF France anuncia su traslado a nuevas oficinas en Par\u00eds\",\"datePublished\":\"2026-01-06T11:22:41+00:00\",\"dateModified\":\"2026-01-06T11:24:09+00:00\",\"mainEntityOfPage\":{\"@id\":\"https:\/\/www.iatf-france.fr\/es\/iatf-france-anuncia-su-traslado-a-nuevas-oficinas-en-paris\/\"},\"wordCount\":11,\"image\":{\"@id\":\"https:\/\/www.iatf-france.fr\/es\/iatf-france-anuncia-su-traslado-a-nuevas-oficinas-en-paris\/#primaryimage\"},\"thumbnailUrl\":\"https:\/\/www.iatf-france.fr\/wp-content\/uploads\/2025\/05\/logoiatf.png\",\"articleSection\":[\"Noticias\"],\"inLanguage\":\"es\"},{\"@type\":\"WebPage\",\"@id\":\"https:\/\/www.iatf-france.fr\/es\/iatf-france-anuncia-su-traslado-a-nuevas-oficinas-en-paris\/\",\"url\":\"https:\/\/www.iatf-france.fr\/es\/iatf-france-anuncia-su-traslado-a-nuevas-oficinas-en-paris\/\",\"name\":\"IATF France anuncia su traslado a nuevas oficinas en Par\u00eds - IATF France\",\"isPartOf\":{\"@id\":\"https:\/\/www.iatf-france.fr\/es\/#website\"},\"primaryImageOfPage\":{\"@id\":\"https:\/\/www.iatf-france.fr\/es\/iatf-france-anuncia-su-traslado-a-nuevas-oficinas-en-paris\/#primaryimage\"},\"image\":{\"@id\":\"https:\/\/www.iatf-france.fr\/es\/iatf-france-anuncia-su-traslado-a-nuevas-oficinas-en-paris\/#primaryimage\"},\"thumbnailUrl\":\"https:\/\/www.iatf-france.fr\/wp-content\/uploads\/2025\/05\/logoiatf.png\",\"datePublished\":\"2026-01-06T11:22:41+00:00\",\"dateModified\":\"2026-01-06T11:24:09+00:00\",\"author\":{\"@id\":\"https:\/\/www.iatf-france.fr\/es\/#\/schema\/person\/e3dfd11072bbce6a61c57e057fe6ed53\"},\"breadcrumb\":{\"@id\":\"https:\/\/www.iatf-france.fr\/es\/iatf-france-anuncia-su-traslado-a-nuevas-oficinas-en-paris\/#breadcrumb\"},\"inLanguage\":\"es\",\"potentialAction\":[{\"@type\":\"ReadAction\",\"target\":[\"https:\/\/www.iatf-france.fr\/es\/iatf-france-anuncia-su-traslado-a-nuevas-oficinas-en-paris\/\"]}]},{\"@type\":\"ImageObject\",\"inLanguage\":\"es\",\"@id\":\"https:\/\/www.iatf-france.fr\/es\/iatf-france-anuncia-su-traslado-a-nuevas-oficinas-en-paris\/#primaryimage\",\"url\":\"https:\/\/www.iatf-france.fr\/wp-content\/uploads\/2025\/05\/logoiatf.png\",\"contentUrl\":\"https:\/\/www.iatf-france.fr\/wp-content\/uploads\/2025\/05\/logoiatf.png\",\"width\":500,\"height\":344},{\"@type\":\"BreadcrumbList\",\"@id\":\"https:\/\/www.iatf-france.fr\/es\/iatf-france-anuncia-su-traslado-a-nuevas-oficinas-en-paris\/#breadcrumb\",\"itemListElement\":[{\"@type\":\"ListItem\",\"position\":1,\"name\":\"Bienvenido\",\"item\":\"https:\/\/www.iatf-france.fr\/es\/\"},{\"@type\":\"ListItem\",\"position\":2,\"name\":\"IATF France anuncia su traslado a nuevas oficinas en Par\u00eds\"}]},{\"@type\":\"WebSite\",\"@id\":\"https:\/\/www.iatf-france.fr\/es\/#website\",\"url\":\"https:\/\/www.iatf-france.fr\/es\/\",\"name\":\"IATF France\",\"description\":\"\",\"potentialAction\":[{\"@type\":\"SearchAction\",\"target\":{\"@type\":\"EntryPoint\",\"urlTemplate\":\"https:\/\/www.iatf-france.fr\/es\/?s={search_term_string}\"},\"query-input\":{\"@type\":\"PropertyValueSpecification\",\"valueRequired\":true,\"valueName\":\"search_term_string\"}}],\"inLanguage\":\"es\"},{\"@type\":\"Person\",\"@id\":\"https:\/\/www.iatf-france.fr\/es\/#\/schema\/person\/e3dfd11072bbce6a61c57e057fe6ed53\",\"name\":\"gestion1@iatf.fr\",\"url\":\"https:\/\/www.iatf-france.fr\/es\/author\/gestion1iatf-fr\/\"}]}<\/script>\n<!-- \/ Yoast SEO plugin. -->","yoast_head_json":{"title":"IATF France anuncia su traslado a nuevas oficinas en Par\u00eds - IATF France","robots":{"index":"index","follow":"follow","max-snippet":"max-snippet:-1","max-image-preview":"max-image-preview:large","max-video-preview":"max-video-preview:-1"},"canonical":"https:\/\/www.iatf-france.fr\/es\/iatf-france-anuncia-su-traslado-a-nuevas-oficinas-en-paris\/","og_locale":"es_ES","og_type":"article","og_title":"IATF France anuncia su traslado a nuevas oficinas en Par\u00eds - IATF France","og_url":"https:\/\/www.iatf-france.fr\/es\/iatf-france-anuncia-su-traslado-a-nuevas-oficinas-en-paris\/","og_site_name":"IATF France","article_published_time":"2026-01-06T11:22:41+00:00","article_modified_time":"2026-01-06T11:24:09+00:00","og_image":[{"width":500,"height":344,"url":"https:\/\/www.iatf-france.fr\/wp-content\/uploads\/2025\/05\/logoiatf.png","type":"image\/png"}],"author":"gestion1@iatf.fr","twitter_card":"summary_large_image","twitter_misc":{"Escrito por":"gestion1@iatf.fr","Tiempo de lectura":"1 minuto"},"schema":{"@context":"https:\/\/schema.org","@graph":[{"@type":"Article","@id":"https:\/\/www.iatf-france.fr\/es\/iatf-france-anuncia-su-traslado-a-nuevas-oficinas-en-paris\/#article","isPartOf":{"@id":"https:\/\/www.iatf-france.fr\/es\/iatf-france-anuncia-su-traslado-a-nuevas-oficinas-en-paris\/"},"author":{"name":"gestion1@iatf.fr","@id":"https:\/\/www.iatf-france.fr\/es\/#\/schema\/person\/e3dfd11072bbce6a61c57e057fe6ed53"},"headline":"IATF France anuncia su traslado a nuevas oficinas en Par\u00eds","datePublished":"2026-01-06T11:22:41+00:00","dateModified":"2026-01-06T11:24:09+00:00","mainEntityOfPage":{"@id":"https:\/\/www.iatf-france.fr\/es\/iatf-france-anuncia-su-traslado-a-nuevas-oficinas-en-paris\/"},"wordCount":11,"image":{"@id":"https:\/\/www.iatf-france.fr\/es\/iatf-france-anuncia-su-traslado-a-nuevas-oficinas-en-paris\/#primaryimage"},"thumbnailUrl":"https:\/\/www.iatf-france.fr\/wp-content\/uploads\/2025\/05\/logoiatf.png","articleSection":["Noticias"],"inLanguage":"es"},{"@type":"WebPage","@id":"https:\/\/www.iatf-france.fr\/es\/iatf-france-anuncia-su-traslado-a-nuevas-oficinas-en-paris\/","url":"https:\/\/www.iatf-france.fr\/es\/iatf-france-anuncia-su-traslado-a-nuevas-oficinas-en-paris\/","name":"IATF France anuncia su traslado a nuevas oficinas en Par\u00eds - IATF France","isPartOf":{"@id":"https:\/\/www.iatf-france.fr\/es\/#website"},"primaryImageOfPage":{"@id":"https:\/\/www.iatf-france.fr\/es\/iatf-france-anuncia-su-traslado-a-nuevas-oficinas-en-paris\/#primaryimage"},"image":{"@id":"https:\/\/www.iatf-france.fr\/es\/iatf-france-anuncia-su-traslado-a-nuevas-oficinas-en-paris\/#primaryimage"},"thumbnailUrl":"https:\/\/www.iatf-france.fr\/wp-content\/uploads\/2025\/05\/logoiatf.png","datePublished":"2026-01-06T11:22:41+00:00","dateModified":"2026-01-06T11:24:09+00:00","author":{"@id":"https:\/\/www.iatf-france.fr\/es\/#\/schema\/person\/e3dfd11072bbce6a61c57e057fe6ed53"},"breadcrumb":{"@id":"https:\/\/www.iatf-france.fr\/es\/iatf-france-anuncia-su-traslado-a-nuevas-oficinas-en-paris\/#breadcrumb"},"inLanguage":"es","potentialAction":[{"@type":"ReadAction","target":["https:\/\/www.iatf-france.fr\/es\/iatf-france-anuncia-su-traslado-a-nuevas-oficinas-en-paris\/"]}]},{"@type":"ImageObject","inLanguage":"es","@id":"https:\/\/www.iatf-france.fr\/es\/iatf-france-anuncia-su-traslado-a-nuevas-oficinas-en-paris\/#primaryimage","url":"https:\/\/www.iatf-france.fr\/wp-content\/uploads\/2025\/05\/logoiatf.png","contentUrl":"https:\/\/www.iatf-france.fr\/wp-content\/uploads\/2025\/05\/logoiatf.png","width":500,"height":344},{"@type":"BreadcrumbList","@id":"https:\/\/www.iatf-france.fr\/es\/iatf-france-anuncia-su-traslado-a-nuevas-oficinas-en-paris\/#breadcrumb","itemListElement":[{"@type":"ListItem","position":1,"name":"Bienvenido","item":"https:\/\/www.iatf-france.fr\/es\/"},{"@type":"ListItem","position":2,"name":"IATF France anuncia su traslado a nuevas oficinas en Par\u00eds"}]},{"@type":"WebSite","@id":"https:\/\/www.iatf-france.fr\/es\/#website","url":"https:\/\/www.iatf-france.fr\/es\/","name":"IATF France","description":"","potentialAction":[{"@type":"SearchAction","target":{"@type":"EntryPoint","urlTemplate":"https:\/\/www.iatf-france.fr\/es\/?s={search_term_string}"},"query-input":{"@type":"PropertyValueSpecification","valueRequired":true,"valueName":"search_term_string"}}],"inLanguage":"es"},{"@type":"Person","@id":"https:\/\/www.iatf-france.fr\/es\/#\/schema\/person\/e3dfd11072bbce6a61c57e057fe6ed53","name":"gestion1@iatf.fr","url":"https:\/\/www.iatf-france.fr\/es\/author\/gestion1iatf-fr\/"}]}},"_links":{"self":[{"href":"https:\/\/www.iatf-france.fr\/es\/wp-json\/wp\/v2\/posts\/4198","targetHints":{"allow":["GET"]}}],"collection":[{"href":"https:\/\/www.iatf-france.fr\/es\/wp-json\/wp\/v2\/posts"}],"about":[{"href":"https:\/\/www.iatf-france.fr\/es\/wp-json\/wp\/v2\/types\/post"}],"author":[{"embeddable":true,"href":"https:\/\/www.iatf-france.fr\/es\/wp-json\/wp\/v2\/users\/5"}],"replies":[{"embeddable":true,"href":"https:\/\/www.iatf-france.fr\/es\/wp-json\/wp\/v2\/comments?post=4198"}],"version-history":[{"count":2,"href":"https:\/\/www.iatf-france.fr\/es\/wp-json\/wp\/v2\/posts\/4198\/revisions"}],"predecessor-version":[{"id":4200,"href":"https:\/\/www.iatf-france.fr\/es\/wp-json\/wp\/v2\/posts\/4198\/revisions\/4200"}],"wp:featuredmedia":[{"embeddable":true,"href":"https:\/\/www.iatf-france.fr\/es\/wp-json\/wp\/v2\/media\/3381"}],"wp:attachment":[{"href":"https:\/\/www.iatf-france.fr\/es\/wp-json\/wp\/v2\/media?parent=4198"}],"wp:term":[{"taxonomy":"category","embeddable":true,"href":"https:\/\/www.iatf-france.fr\/es\/wp-json\/wp\/v2\/categories?post=4198"},{"taxonomy":"post_tag","embeddable":true,"href":"https:\/\/www.iatf-france.fr\/es\/wp-json\/wp\/v2\/tags?post=4198"}],"curies":[{"name":"wp","href":"https:\/\/api.w.org\/{rel}","templated":true}]}}