{"id":3710,"date":"2025-10-08T12:00:44","date_gmt":"2025-10-08T10:00:44","guid":{"rendered":"https:\/\/iatf-france.fr\/?p=3710"},"modified":"2025-10-08T16:40:05","modified_gmt":"2025-10-08T14:40:05","slug":"2a-reunion-del-grupo-de-trabajo-iatf-france-sernauto","status":"publish","type":"post","link":"https:\/\/www.iatf-france.fr\/es\/2a-reunion-del-grupo-de-trabajo-iatf-france-sernauto\/","title":{"rendered":"2\u00aa Reuni\u00f3n del Grupo de Trabajo IATF France \u2013 SERNAUTO"},"content":{"rendered":"<section class=\"single-bloc-4\">\n    <div class=\"container\">\n        <div class=\"row\">\n            <div class=\"col-12 col-md-8 mb-4\">\n                                    <img decoding=\"async\" src=\"https:\/\/www.iatf-france.fr\/wp-content\/uploads\/2025\/10\/SERNAUTO-1.jpg\" alt=\"\">\n                            <\/div>\n            <div class=\"col-12 col-md-3 offset-xl-1 d-none d-md-block\">\n                <div class=\"projet-suivant\">\n                    <a href=\"https:\/\/www.iatf-france.fr\/es\/iatf-france-anuncia-su-traslado-a-nuevas-oficinas-en-paris\/\">\n                        <h3>\n                            Noticia siguiente                        <\/h3>\n\n                        <h4>IATF France anuncia su traslado a nuevas oficinas en Par\u00eds<\/h4>\n                        <span>\n                            Leer                            <svg xmlns=\"http:\/\/www.w3.org\/2000\/svg\" width=\"15.74\" height=\"15.24\" viewBox=\"0 0 15.74 15.24\">\n                                <g id=\"Icon_feather-arrow-right\" data-name=\"Icon feather-arrow-right\" transform=\"translate(-4.252 -6.086)\">\n                                    <path id=\"Trac\u00e9_95946\" data-name=\"Trac\u00e9 95946\" d=\"M7.5,18H21.24\" transform=\"translate(-2.248 -4.294)\" fill=\"none\" stroke=\"#258aa7\" stroke-linecap=\"round\" stroke-linejoin=\"round\" stroke-width=\"2\" \/>\n                                    <path id=\"Trac\u00e9_95947\" data-name=\"Trac\u00e9 95947\" d=\"M18,7.5l6.206,6.206L18,19.912\" transform=\"translate(-5.214)\" fill=\"none\" stroke=\"#258aa7\" stroke-linecap=\"round\" stroke-linejoin=\"round\" stroke-width=\"2\" \/>\n                                <\/g>\n                            <\/svg>\n                        <\/span>\n                    <\/a>\n                <\/div>\n                <div class=\"projet-precedent\">\n                    <a href=\"https:\/\/www.iatf-france.fr\/es\/la-calidad-en-el-corazon-de-la-competitividad\/\">\n                        <h3>\n                            Noticia anterior                        <\/h3>\n                        <h4>\u00a1La calidad en el coraz\u00f3n de la competitividad!<\/h4>\n                        <span>\n                            Leer<svg xmlns=\"http:\/\/www.w3.org\/2000\/svg\" width=\"15.74\" height=\"15.24\" viewBox=\"0 0 15.74 15.24\">\n                                <g id=\"Icon_feather-arrow-right\" data-name=\"Icon feather-arrow-right\" transform=\"translate(-4.252 -6.086)\">\n                                    <path id=\"Trac\u00e9_95946\" data-name=\"Trac\u00e9 95946\" d=\"M7.5,18H21.24\" transform=\"translate(-2.248 -4.294)\" fill=\"none\" stroke=\"#258aa7\" stroke-linecap=\"round\" stroke-linejoin=\"round\" stroke-width=\"2\" \/>\n                                    <path id=\"Trac\u00e9_95947\" data-name=\"Trac\u00e9 95947\" d=\"M18,7.5l6.206,6.206L18,19.912\" transform=\"translate(-5.214)\" fill=\"none\" stroke=\"#258aa7\" stroke-linecap=\"round\" stroke-linejoin=\"round\" stroke-width=\"2\" \/>\n                                <\/g>\n                            <\/svg>\n                        <\/span>\n                    <\/a>\n                <\/div>\n            <\/div>\n            <div class=\"col-12 col-md-8 content\">\n                <div class=\"d-flex\">\n                    <div class=\"date\">\n                        <p><svg xmlns=\"http:\/\/www.w3.org\/2000\/svg\" width=\"15.356\" height=\"16.333\" viewBox=\"0 0 15.356 16.333\">\n                                <g id=\"Groupe_75\" data-name=\"Groupe 75\" transform=\"translate(-32.558 -154.717)\">\n                                    <rect id=\"Rectangle_59\" data-name=\"Rectangle 59\" width=\"14.356\" height=\"13.993\" transform=\"translate(33.058 156.558)\" fill=\"none\" stroke=\"#258aa7\" stroke-linecap=\"round\" stroke-linejoin=\"round\" stroke-width=\"1\" \/>\n                                    <line id=\"Ligne_156\" data-name=\"Ligne 156\" y1=\"2.063\" transform=\"translate(36.084 155.217)\" fill=\"none\" stroke=\"#258aa7\" stroke-linecap=\"round\" stroke-linejoin=\"round\" stroke-width=\"1\" \/>\n                                    <line id=\"Ligne_157\" data-name=\"Ligne 157\" y1=\"2.063\" transform=\"translate(44.389 155.217)\" fill=\"none\" stroke=\"#258aa7\" stroke-linecap=\"round\" stroke-linejoin=\"round\" stroke-width=\"1\" \/>\n                                    <line id=\"Ligne_158\" data-name=\"Ligne 158\" x2=\"14.356\" transform=\"translate(33.058 159.79)\" fill=\"none\" stroke=\"#258aa7\" stroke-linecap=\"round\" stroke-linejoin=\"round\" stroke-width=\"1\" \/>\n                                    <line id=\"Ligne_159\" data-name=\"Ligne 159\" y1=\"2.063\" transform=\"translate(36.084 155.217)\" fill=\"none\" stroke=\"#258aa7\" stroke-linecap=\"round\" stroke-linejoin=\"round\" stroke-width=\"1\" \/>\n                                    <line id=\"Ligne_160\" data-name=\"Ligne 160\" x2=\"1.499\" transform=\"translate(35.403 163.368)\" fill=\"none\" stroke=\"#258aa7\" stroke-linecap=\"round\" stroke-linejoin=\"round\" stroke-width=\"1\" \/>\n                                    <line id=\"Ligne_161\" data-name=\"Ligne 161\" x2=\"1.499\" transform=\"translate(39.498 163.368)\" fill=\"none\" stroke=\"#258aa7\" stroke-linecap=\"round\" stroke-linejoin=\"round\" stroke-width=\"1\" \/>\n                                    <line id=\"Ligne_162\" data-name=\"Ligne 162\" x2=\"1.499\" transform=\"translate(43.592 163.368)\" fill=\"none\" stroke=\"#258aa7\" stroke-linecap=\"round\" stroke-linejoin=\"round\" stroke-width=\"1\" \/>\n                                    <line id=\"Ligne_163\" data-name=\"Ligne 163\" x2=\"1.499\" transform=\"translate(35.403 166.847)\" fill=\"none\" stroke=\"#258aa7\" stroke-linecap=\"round\" stroke-linejoin=\"round\" stroke-width=\"1\" \/>\n                                    <line id=\"Ligne_164\" data-name=\"Ligne 164\" x2=\"1.499\" transform=\"translate(39.498 166.847)\" fill=\"none\" stroke=\"#258aa7\" stroke-linecap=\"round\" stroke-linejoin=\"round\" stroke-width=\"1\" \/>\n                                    <line id=\"Ligne_165\" data-name=\"Ligne 165\" x2=\"1.499\" transform=\"translate(43.592 166.847)\" fill=\"none\" stroke=\"#258aa7\" stroke-linecap=\"round\" stroke-linejoin=\"round\" stroke-width=\"1\" \/>\n                                <\/g>\n                            <\/svg>\n                            08\/10\/2025<\/p>\n                    <\/div>\n                    <!--<div class=\"auteur\">\n                        <p>gestion@iatf.com<\/p>\n                    <\/div>-->\n                <\/div>\n                <h1>2\u00aa Reuni\u00f3n del Grupo de Trabajo IATF France \u2013 SERNAUTO<\/h1>\n                <div class=\"descritpion\"><p>El 1 de octubre tuvo lugar en Madrid la segunda reuni\u00f3n del grupo de trabajo conjunto entre <strong>IATF France<\/strong>\u00a0y SERNAUTO.<br \/>\nDurante el encuentro se abordaron diversas cuestiones relacionadas con los requisitos de la norma IATF 16949, planteadas por los participantes, en un ambiente de di\u00e1logo abierto y constructivo.<\/p>\n<p>Nuestro agradecimiento a Cecilia Medina e Ismael Escobar, de SERNAUTO, por la organizaci\u00f3n y moderaci\u00f3n del evento, que reuni\u00f3 a m\u00e1s de 30 representantes de empresas del sector de automoci\u00f3n. IATF France estuvo representada por Liborio Salemi y Javier Fern\u00e1ndez.<\/p>\n<p>Agradecemos sinceramente a todos los participantes su implicaci\u00f3n y entusiasmo hacia la mejora continua del esquema de certificaci\u00f3n IATF 16949.<\/p>\n<p>El trabajo contin\u00faa &#8230;<\/p>\n<\/div>\n            <\/div>\n        <\/div>\n<\/section>","protected":false},"excerpt":{"rendered":"","protected":false},"author":3,"featured_media":3704,"comment_status":"closed","ping_status":"closed","sticky":false,"template":"","format":"standard","meta":{"_acf_changed":false,"inline_featured_image":false,"footnotes":""},"categories":[127],"tags":[],"class_list":["post-3710","post","type-post","status-publish","format-standard","has-post-thumbnail","hentry","category-noticias"],"acf":[],"yoast_head":"<!-- This site is optimized with the Yoast SEO plugin v27.1.1 - https:\/\/yoast.com\/product\/yoast-seo-wordpress\/ -->\n<title>2\u00aa Reuni\u00f3n del Grupo de Trabajo IATF France \u2013 SERNAUTO - IATF France<\/title>\n<meta name=\"robots\" content=\"index, follow, max-snippet:-1, max-image-preview:large, max-video-preview:-1\" \/>\n<link rel=\"canonical\" href=\"https:\/\/www.iatf-france.fr\/es\/2a-reunion-del-grupo-de-trabajo-iatf-france-sernauto\/\" \/>\n<meta property=\"og:locale\" content=\"es_ES\" \/>\n<meta property=\"og:type\" content=\"article\" \/>\n<meta property=\"og:title\" content=\"2\u00aa Reuni\u00f3n del Grupo de Trabajo IATF France \u2013 SERNAUTO - IATF France\" \/>\n<meta property=\"og:url\" content=\"https:\/\/www.iatf-france.fr\/es\/2a-reunion-del-grupo-de-trabajo-iatf-france-sernauto\/\" \/>\n<meta property=\"og:site_name\" content=\"IATF France\" \/>\n<meta property=\"article:published_time\" content=\"2025-10-08T10:00:44+00:00\" \/>\n<meta property=\"article:modified_time\" content=\"2025-10-08T14:40:05+00:00\" \/>\n<meta property=\"og:image\" content=\"https:\/\/www.iatf-france.fr\/wp-content\/uploads\/2025\/10\/SERNAUTO.jpg\" \/>\n\t<meta property=\"og:image:width\" content=\"1280\" \/>\n\t<meta property=\"og:image:height\" content=\"720\" \/>\n\t<meta property=\"og:image:type\" content=\"image\/jpeg\" \/>\n<meta name=\"author\" content=\"gestion@iatf.com\" \/>\n<meta name=\"twitter:card\" content=\"summary_large_image\" \/>\n<meta name=\"twitter:label1\" content=\"Escrito por\" \/>\n\t<meta name=\"twitter:data1\" content=\"gestion@iatf.com\" \/>\n\t<meta name=\"twitter:label2\" content=\"Tiempo de lectura\" \/>\n\t<meta name=\"twitter:data2\" content=\"1 minuto\" \/>\n<script type=\"application\/ld+json\" class=\"yoast-schema-graph\">{\"@context\":\"https:\/\/schema.org\",\"@graph\":[{\"@type\":\"Article\",\"@id\":\"https:\/\/www.iatf-france.fr\/es\/2a-reunion-del-grupo-de-trabajo-iatf-france-sernauto\/#article\",\"isPartOf\":{\"@id\":\"https:\/\/www.iatf-france.fr\/es\/2a-reunion-del-grupo-de-trabajo-iatf-france-sernauto\/\"},\"author\":{\"name\":\"gestion@iatf.com\",\"@id\":\"https:\/\/www.iatf-france.fr\/es\/#\/schema\/person\/bb246d4fab110c3d2009bd892dc83613\"},\"headline\":\"2\u00aa Reuni\u00f3n del Grupo de Trabajo IATF France \u2013 SERNAUTO\",\"datePublished\":\"2025-10-08T10:00:44+00:00\",\"dateModified\":\"2025-10-08T14:40:05+00:00\",\"mainEntityOfPage\":{\"@id\":\"https:\/\/www.iatf-france.fr\/es\/2a-reunion-del-grupo-de-trabajo-iatf-france-sernauto\/\"},\"wordCount\":9,\"image\":{\"@id\":\"https:\/\/www.iatf-france.fr\/es\/2a-reunion-del-grupo-de-trabajo-iatf-france-sernauto\/#primaryimage\"},\"thumbnailUrl\":\"https:\/\/www.iatf-france.fr\/wp-content\/uploads\/2025\/10\/SERNAUTO.jpg\",\"articleSection\":[\"Noticias\"],\"inLanguage\":\"es\"},{\"@type\":\"WebPage\",\"@id\":\"https:\/\/www.iatf-france.fr\/es\/2a-reunion-del-grupo-de-trabajo-iatf-france-sernauto\/\",\"url\":\"https:\/\/www.iatf-france.fr\/es\/2a-reunion-del-grupo-de-trabajo-iatf-france-sernauto\/\",\"name\":\"2\u00aa Reuni\u00f3n del Grupo de Trabajo IATF France \u2013 SERNAUTO - IATF France\",\"isPartOf\":{\"@id\":\"https:\/\/www.iatf-france.fr\/es\/#website\"},\"primaryImageOfPage\":{\"@id\":\"https:\/\/www.iatf-france.fr\/es\/2a-reunion-del-grupo-de-trabajo-iatf-france-sernauto\/#primaryimage\"},\"image\":{\"@id\":\"https:\/\/www.iatf-france.fr\/es\/2a-reunion-del-grupo-de-trabajo-iatf-france-sernauto\/#primaryimage\"},\"thumbnailUrl\":\"https:\/\/www.iatf-france.fr\/wp-content\/uploads\/2025\/10\/SERNAUTO.jpg\",\"datePublished\":\"2025-10-08T10:00:44+00:00\",\"dateModified\":\"2025-10-08T14:40:05+00:00\",\"author\":{\"@id\":\"https:\/\/www.iatf-france.fr\/es\/#\/schema\/person\/bb246d4fab110c3d2009bd892dc83613\"},\"breadcrumb\":{\"@id\":\"https:\/\/www.iatf-france.fr\/es\/2a-reunion-del-grupo-de-trabajo-iatf-france-sernauto\/#breadcrumb\"},\"inLanguage\":\"es\",\"potentialAction\":[{\"@type\":\"ReadAction\",\"target\":[\"https:\/\/www.iatf-france.fr\/es\/2a-reunion-del-grupo-de-trabajo-iatf-france-sernauto\/\"]}]},{\"@type\":\"ImageObject\",\"inLanguage\":\"es\",\"@id\":\"https:\/\/www.iatf-france.fr\/es\/2a-reunion-del-grupo-de-trabajo-iatf-france-sernauto\/#primaryimage\",\"url\":\"https:\/\/www.iatf-france.fr\/wp-content\/uploads\/2025\/10\/SERNAUTO.jpg\",\"contentUrl\":\"https:\/\/www.iatf-france.fr\/wp-content\/uploads\/2025\/10\/SERNAUTO.jpg\",\"width\":1280,\"height\":720},{\"@type\":\"BreadcrumbList\",\"@id\":\"https:\/\/www.iatf-france.fr\/es\/2a-reunion-del-grupo-de-trabajo-iatf-france-sernauto\/#breadcrumb\",\"itemListElement\":[{\"@type\":\"ListItem\",\"position\":1,\"name\":\"Bienvenido\",\"item\":\"https:\/\/www.iatf-france.fr\/es\/\"},{\"@type\":\"ListItem\",\"position\":2,\"name\":\"2\u00aa Reuni\u00f3n del Grupo de Trabajo IATF France \u2013 SERNAUTO\"}]},{\"@type\":\"WebSite\",\"@id\":\"https:\/\/www.iatf-france.fr\/es\/#website\",\"url\":\"https:\/\/www.iatf-france.fr\/es\/\",\"name\":\"IATF France\",\"description\":\"\",\"potentialAction\":[{\"@type\":\"SearchAction\",\"target\":{\"@type\":\"EntryPoint\",\"urlTemplate\":\"https:\/\/www.iatf-france.fr\/es\/?s={search_term_string}\"},\"query-input\":{\"@type\":\"PropertyValueSpecification\",\"valueRequired\":true,\"valueName\":\"search_term_string\"}}],\"inLanguage\":\"es\"},{\"@type\":\"Person\",\"@id\":\"https:\/\/www.iatf-france.fr\/es\/#\/schema\/person\/bb246d4fab110c3d2009bd892dc83613\",\"name\":\"gestion@iatf.com\",\"url\":\"https:\/\/www.iatf-france.fr\/es\/author\/gestioniatf-com\/\"}]}<\/script>\n<!-- \/ Yoast SEO plugin. -->","yoast_head_json":{"title":"2\u00aa Reuni\u00f3n del Grupo de Trabajo IATF France \u2013 SERNAUTO - IATF France","robots":{"index":"index","follow":"follow","max-snippet":"max-snippet:-1","max-image-preview":"max-image-preview:large","max-video-preview":"max-video-preview:-1"},"canonical":"https:\/\/www.iatf-france.fr\/es\/2a-reunion-del-grupo-de-trabajo-iatf-france-sernauto\/","og_locale":"es_ES","og_type":"article","og_title":"2\u00aa Reuni\u00f3n del Grupo de Trabajo IATF France \u2013 SERNAUTO - IATF France","og_url":"https:\/\/www.iatf-france.fr\/es\/2a-reunion-del-grupo-de-trabajo-iatf-france-sernauto\/","og_site_name":"IATF France","article_published_time":"2025-10-08T10:00:44+00:00","article_modified_time":"2025-10-08T14:40:05+00:00","og_image":[{"width":1280,"height":720,"url":"https:\/\/www.iatf-france.fr\/wp-content\/uploads\/2025\/10\/SERNAUTO.jpg","type":"image\/jpeg"}],"author":"gestion@iatf.com","twitter_card":"summary_large_image","twitter_misc":{"Escrito por":"gestion@iatf.com","Tiempo de lectura":"1 minuto"},"schema":{"@context":"https:\/\/schema.org","@graph":[{"@type":"Article","@id":"https:\/\/www.iatf-france.fr\/es\/2a-reunion-del-grupo-de-trabajo-iatf-france-sernauto\/#article","isPartOf":{"@id":"https:\/\/www.iatf-france.fr\/es\/2a-reunion-del-grupo-de-trabajo-iatf-france-sernauto\/"},"author":{"name":"gestion@iatf.com","@id":"https:\/\/www.iatf-france.fr\/es\/#\/schema\/person\/bb246d4fab110c3d2009bd892dc83613"},"headline":"2\u00aa Reuni\u00f3n del Grupo de Trabajo IATF France \u2013 SERNAUTO","datePublished":"2025-10-08T10:00:44+00:00","dateModified":"2025-10-08T14:40:05+00:00","mainEntityOfPage":{"@id":"https:\/\/www.iatf-france.fr\/es\/2a-reunion-del-grupo-de-trabajo-iatf-france-sernauto\/"},"wordCount":9,"image":{"@id":"https:\/\/www.iatf-france.fr\/es\/2a-reunion-del-grupo-de-trabajo-iatf-france-sernauto\/#primaryimage"},"thumbnailUrl":"https:\/\/www.iatf-france.fr\/wp-content\/uploads\/2025\/10\/SERNAUTO.jpg","articleSection":["Noticias"],"inLanguage":"es"},{"@type":"WebPage","@id":"https:\/\/www.iatf-france.fr\/es\/2a-reunion-del-grupo-de-trabajo-iatf-france-sernauto\/","url":"https:\/\/www.iatf-france.fr\/es\/2a-reunion-del-grupo-de-trabajo-iatf-france-sernauto\/","name":"2\u00aa Reuni\u00f3n del Grupo de Trabajo IATF France \u2013 SERNAUTO - IATF France","isPartOf":{"@id":"https:\/\/www.iatf-france.fr\/es\/#website"},"primaryImageOfPage":{"@id":"https:\/\/www.iatf-france.fr\/es\/2a-reunion-del-grupo-de-trabajo-iatf-france-sernauto\/#primaryimage"},"image":{"@id":"https:\/\/www.iatf-france.fr\/es\/2a-reunion-del-grupo-de-trabajo-iatf-france-sernauto\/#primaryimage"},"thumbnailUrl":"https:\/\/www.iatf-france.fr\/wp-content\/uploads\/2025\/10\/SERNAUTO.jpg","datePublished":"2025-10-08T10:00:44+00:00","dateModified":"2025-10-08T14:40:05+00:00","author":{"@id":"https:\/\/www.iatf-france.fr\/es\/#\/schema\/person\/bb246d4fab110c3d2009bd892dc83613"},"breadcrumb":{"@id":"https:\/\/www.iatf-france.fr\/es\/2a-reunion-del-grupo-de-trabajo-iatf-france-sernauto\/#breadcrumb"},"inLanguage":"es","potentialAction":[{"@type":"ReadAction","target":["https:\/\/www.iatf-france.fr\/es\/2a-reunion-del-grupo-de-trabajo-iatf-france-sernauto\/"]}]},{"@type":"ImageObject","inLanguage":"es","@id":"https:\/\/www.iatf-france.fr\/es\/2a-reunion-del-grupo-de-trabajo-iatf-france-sernauto\/#primaryimage","url":"https:\/\/www.iatf-france.fr\/wp-content\/uploads\/2025\/10\/SERNAUTO.jpg","contentUrl":"https:\/\/www.iatf-france.fr\/wp-content\/uploads\/2025\/10\/SERNAUTO.jpg","width":1280,"height":720},{"@type":"BreadcrumbList","@id":"https:\/\/www.iatf-france.fr\/es\/2a-reunion-del-grupo-de-trabajo-iatf-france-sernauto\/#breadcrumb","itemListElement":[{"@type":"ListItem","position":1,"name":"Bienvenido","item":"https:\/\/www.iatf-france.fr\/es\/"},{"@type":"ListItem","position":2,"name":"2\u00aa Reuni\u00f3n del Grupo de Trabajo IATF France \u2013 SERNAUTO"}]},{"@type":"WebSite","@id":"https:\/\/www.iatf-france.fr\/es\/#website","url":"https:\/\/www.iatf-france.fr\/es\/","name":"IATF France","description":"","potentialAction":[{"@type":"SearchAction","target":{"@type":"EntryPoint","urlTemplate":"https:\/\/www.iatf-france.fr\/es\/?s={search_term_string}"},"query-input":{"@type":"PropertyValueSpecification","valueRequired":true,"valueName":"search_term_string"}}],"inLanguage":"es"},{"@type":"Person","@id":"https:\/\/www.iatf-france.fr\/es\/#\/schema\/person\/bb246d4fab110c3d2009bd892dc83613","name":"gestion@iatf.com","url":"https:\/\/www.iatf-france.fr\/es\/author\/gestioniatf-com\/"}]}},"_links":{"self":[{"href":"https:\/\/www.iatf-france.fr\/es\/wp-json\/wp\/v2\/posts\/3710","targetHints":{"allow":["GET"]}}],"collection":[{"href":"https:\/\/www.iatf-france.fr\/es\/wp-json\/wp\/v2\/posts"}],"about":[{"href":"https:\/\/www.iatf-france.fr\/es\/wp-json\/wp\/v2\/types\/post"}],"author":[{"embeddable":true,"href":"https:\/\/www.iatf-france.fr\/es\/wp-json\/wp\/v2\/users\/3"}],"replies":[{"embeddable":true,"href":"https:\/\/www.iatf-france.fr\/es\/wp-json\/wp\/v2\/comments?post=3710"}],"version-history":[{"count":4,"href":"https:\/\/www.iatf-france.fr\/es\/wp-json\/wp\/v2\/posts\/3710\/revisions"}],"predecessor-version":[{"id":3731,"href":"https:\/\/www.iatf-france.fr\/es\/wp-json\/wp\/v2\/posts\/3710\/revisions\/3731"}],"wp:featuredmedia":[{"embeddable":true,"href":"https:\/\/www.iatf-france.fr\/es\/wp-json\/wp\/v2\/media\/3704"}],"wp:attachment":[{"href":"https:\/\/www.iatf-france.fr\/es\/wp-json\/wp\/v2\/media?parent=3710"}],"wp:term":[{"taxonomy":"category","embeddable":true,"href":"https:\/\/www.iatf-france.fr\/es\/wp-json\/wp\/v2\/categories?post=3710"},{"taxonomy":"post_tag","embeddable":true,"href":"https:\/\/www.iatf-france.fr\/es\/wp-json\/wp\/v2\/tags?post=3710"}],"curies":[{"name":"wp","href":"https:\/\/api.w.org\/{rel}","templated":true}]}}