{"id":3536,"date":"2025-07-23T14:00:07","date_gmt":"2025-07-23T12:00:07","guid":{"rendered":"https:\/\/iatf-france.fr\/?p=3536"},"modified":"2025-07-25T09:09:43","modified_gmt":"2025-07-25T07:09:43","slug":"iatf-france-se-une-a-la-asociacion-espanola-para-la-calidad-aec","status":"publish","type":"post","link":"https:\/\/www.iatf-france.fr\/es\/iatf-france-se-une-a-la-asociacion-espanola-para-la-calidad-aec\/","title":{"rendered":"IATF France se une a la Asociaci\u00f3n Espa\u00f1ola para la Calidad (AEC)"},"content":{"rendered":"<section class=\"single-bloc-4\">\n    <div class=\"container\">\n        <div class=\"row\">\n            <div class=\"col-12 col-md-8 mb-4\">\n                                    <img decoding=\"async\" src=\"https:\/\/www.iatf-france.fr\/wp-content\/uploads\/2025\/07\/AEC.jpg\" alt=\"\">\n                            <\/div>\n            <div class=\"col-12 col-md-3 offset-xl-1 d-none d-md-block\">\n                <div class=\"projet-suivant\">\n                    <a href=\"https:\/\/www.iatf-france.fr\/es\/damos-la-bienvenida-a-sernauto-primer-miembro-asociado-de-iatf-france\/\">\n                        <h3>\n                            Noticia siguiente                        <\/h3>\n\n                        <h4>\u00a1Damos la Bienvenida a SERNAUTO, primer miembro asociado de IATF France!<\/h4>\n                        <span>\n                            Leer                            <svg xmlns=\"http:\/\/www.w3.org\/2000\/svg\" width=\"15.74\" height=\"15.24\" viewBox=\"0 0 15.74 15.24\">\n                                <g id=\"Icon_feather-arrow-right\" data-name=\"Icon feather-arrow-right\" transform=\"translate(-4.252 -6.086)\">\n                                    <path id=\"Trac\u00e9_95946\" data-name=\"Trac\u00e9 95946\" d=\"M7.5,18H21.24\" transform=\"translate(-2.248 -4.294)\" fill=\"none\" stroke=\"#258aa7\" stroke-linecap=\"round\" stroke-linejoin=\"round\" stroke-width=\"2\" \/>\n                                    <path id=\"Trac\u00e9_95947\" data-name=\"Trac\u00e9 95947\" d=\"M18,7.5l6.206,6.206L18,19.912\" transform=\"translate(-5.214)\" fill=\"none\" stroke=\"#258aa7\" stroke-linecap=\"round\" stroke-linejoin=\"round\" stroke-width=\"2\" \/>\n                                <\/g>\n                            <\/svg>\n                        <\/span>\n                    <\/a>\n                <\/div>\n                <div class=\"projet-precedent\">\n                    <a href=\"https:\/\/www.iatf-france.fr\/es\/iatf-france-participa-en-un-acto-de-la-asociacion-espanola-para-la-calidad-aec\/\">\n                        <h3>\n                            Noticia anterior                        <\/h3>\n                        <h4>IATF France participa en un acto de la Asociaci\u00f3n Espa\u00f1ola para la Calidad (AEC)<\/h4>\n                        <span>\n                            Leer<svg xmlns=\"http:\/\/www.w3.org\/2000\/svg\" width=\"15.74\" height=\"15.24\" viewBox=\"0 0 15.74 15.24\">\n                                <g id=\"Icon_feather-arrow-right\" data-name=\"Icon feather-arrow-right\" transform=\"translate(-4.252 -6.086)\">\n                                    <path id=\"Trac\u00e9_95946\" data-name=\"Trac\u00e9 95946\" d=\"M7.5,18H21.24\" transform=\"translate(-2.248 -4.294)\" fill=\"none\" stroke=\"#258aa7\" stroke-linecap=\"round\" stroke-linejoin=\"round\" stroke-width=\"2\" \/>\n                                    <path id=\"Trac\u00e9_95947\" data-name=\"Trac\u00e9 95947\" d=\"M18,7.5l6.206,6.206L18,19.912\" transform=\"translate(-5.214)\" fill=\"none\" stroke=\"#258aa7\" stroke-linecap=\"round\" stroke-linejoin=\"round\" stroke-width=\"2\" \/>\n                                <\/g>\n                            <\/svg>\n                        <\/span>\n                    <\/a>\n                <\/div>\n            <\/div>\n            <div class=\"col-12 col-md-8 content\">\n                <div class=\"d-flex\">\n                    <div class=\"date\">\n                        <p><svg xmlns=\"http:\/\/www.w3.org\/2000\/svg\" width=\"15.356\" height=\"16.333\" viewBox=\"0 0 15.356 16.333\">\n                                <g id=\"Groupe_75\" data-name=\"Groupe 75\" transform=\"translate(-32.558 -154.717)\">\n                                    <rect id=\"Rectangle_59\" data-name=\"Rectangle 59\" width=\"14.356\" height=\"13.993\" transform=\"translate(33.058 156.558)\" fill=\"none\" stroke=\"#258aa7\" stroke-linecap=\"round\" stroke-linejoin=\"round\" stroke-width=\"1\" \/>\n                                    <line id=\"Ligne_156\" data-name=\"Ligne 156\" y1=\"2.063\" transform=\"translate(36.084 155.217)\" fill=\"none\" stroke=\"#258aa7\" stroke-linecap=\"round\" stroke-linejoin=\"round\" stroke-width=\"1\" \/>\n                                    <line id=\"Ligne_157\" data-name=\"Ligne 157\" y1=\"2.063\" transform=\"translate(44.389 155.217)\" fill=\"none\" stroke=\"#258aa7\" stroke-linecap=\"round\" stroke-linejoin=\"round\" stroke-width=\"1\" \/>\n                                    <line id=\"Ligne_158\" data-name=\"Ligne 158\" x2=\"14.356\" transform=\"translate(33.058 159.79)\" fill=\"none\" stroke=\"#258aa7\" stroke-linecap=\"round\" stroke-linejoin=\"round\" stroke-width=\"1\" \/>\n                                    <line id=\"Ligne_159\" data-name=\"Ligne 159\" y1=\"2.063\" transform=\"translate(36.084 155.217)\" fill=\"none\" stroke=\"#258aa7\" stroke-linecap=\"round\" stroke-linejoin=\"round\" stroke-width=\"1\" \/>\n                                    <line id=\"Ligne_160\" data-name=\"Ligne 160\" x2=\"1.499\" transform=\"translate(35.403 163.368)\" fill=\"none\" stroke=\"#258aa7\" stroke-linecap=\"round\" stroke-linejoin=\"round\" stroke-width=\"1\" \/>\n                                    <line id=\"Ligne_161\" data-name=\"Ligne 161\" x2=\"1.499\" transform=\"translate(39.498 163.368)\" fill=\"none\" stroke=\"#258aa7\" stroke-linecap=\"round\" stroke-linejoin=\"round\" stroke-width=\"1\" \/>\n                                    <line id=\"Ligne_162\" data-name=\"Ligne 162\" x2=\"1.499\" transform=\"translate(43.592 163.368)\" fill=\"none\" stroke=\"#258aa7\" stroke-linecap=\"round\" stroke-linejoin=\"round\" stroke-width=\"1\" \/>\n                                    <line id=\"Ligne_163\" data-name=\"Ligne 163\" x2=\"1.499\" transform=\"translate(35.403 166.847)\" fill=\"none\" stroke=\"#258aa7\" stroke-linecap=\"round\" stroke-linejoin=\"round\" stroke-width=\"1\" \/>\n                                    <line id=\"Ligne_164\" data-name=\"Ligne 164\" x2=\"1.499\" transform=\"translate(39.498 166.847)\" fill=\"none\" stroke=\"#258aa7\" stroke-linecap=\"round\" stroke-linejoin=\"round\" stroke-width=\"1\" \/>\n                                    <line id=\"Ligne_165\" data-name=\"Ligne 165\" x2=\"1.499\" transform=\"translate(43.592 166.847)\" fill=\"none\" stroke=\"#258aa7\" stroke-linecap=\"round\" stroke-linejoin=\"round\" stroke-width=\"1\" \/>\n                                <\/g>\n                            <\/svg>\n                            23\/07\/2025<\/p>\n                    <\/div>\n                    <!--<div class=\"auteur\">\n                        <p>gestion@iatf.com<\/p>\n                    <\/div>-->\n                <\/div>\n                <h1>IATF France se une a la Asociaci\u00f3n Espa\u00f1ola para la Calidad (AEC)<\/h1>\n                <div class=\"descritpion\"><p>IATF France se complace en anunciar su afiliaci\u00f3n oficial a la Asociaci\u00f3n Espa\u00f1ola para la Calidad (AEC), una de las instituciones m\u00e1s respetadas de Espa\u00f1a dedicadas al avance de la calidad en todos los sectores. Este hito refleja el compromiso continuo de IATF France con la excelencia, la colaboraci\u00f3n y una implicaci\u00f3n m\u00e1s profunda con las partes interesadas de la cadena de suministro de la automoci\u00f3n espa\u00f1ola e internacional.<\/p>\n<p>Fundada en 1961, la AEC (Asociaci\u00f3n Espa\u00f1ola para la Calidad) es una asociaci\u00f3n profesional sin \u00e1nimo de lucro que promueve la calidad como un motor clave de la competitividad y la sostenibilidad. Con m\u00e1s de 800 empresas y m\u00e1s de 3.500 profesionales individuales como miembros, la AEC desempe\u00f1a un papel central en el avance de las pr\u00e1cticas de calidad, no solo en la industria, sino tambi\u00e9n en el sector p\u00fablico, los servicios, la salud, la educaci\u00f3n y otros \u00e1mbitos.<br \/>\n(<a href=\"https:\/\/www.aec.es\/\">https:\/\/www.aec.es\/<\/a>)<\/p>\n<p>El Comit\u00e9 de Automoci\u00f3n de la AEC es un foro vital que re\u00fane a las principales partes interesadas del sector para abordar desaf\u00edos, compartir conocimientos y definir el futuro de la calidad en la fabricaci\u00f3n de autom\u00f3viles. El comit\u00e9 tambi\u00e9n organiza anualmente el Congreso de Calidad en la Automoci\u00f3n, que en 2025 celebr\u00f3 su 29.\u00aa edici\u00f3n en Valladolid \u2014 un testimonio del prolongado liderazgo de la AEC en el sector.<\/p>\n<p>Como miembro, IATF France contribuir\u00e1 a una plataforma colaborativa de l\u00edderes de la industria y profesionales de la calidad, al tiempo que reforzar\u00e1 el di\u00e1logo con los fabricantes de autom\u00f3viles y proveedores espa\u00f1oles. Esta alianza tambi\u00e9n abre nuevas v\u00edas para que IATF France apoye a organizaciones en Espa\u00f1a comprometidas con la transformaci\u00f3n de la calidad \u2014 especialmente dentro del cambiante panorama de la movilidad, la electrificaci\u00f3n y la fabricaci\u00f3n sostenible.<\/p>\n<p>&nbsp;<\/p>\n<\/div>\n            <\/div>\n        <\/div>\n<\/section>","protected":false},"excerpt":{"rendered":"","protected":false},"author":3,"featured_media":3531,"comment_status":"closed","ping_status":"closed","sticky":false,"template":"","format":"standard","meta":{"_acf_changed":false,"inline_featured_image":false,"footnotes":""},"categories":[127],"tags":[],"class_list":["post-3536","post","type-post","status-publish","format-standard","has-post-thumbnail","hentry","category-noticias"],"acf":[],"yoast_head":"<!-- This site is optimized with the Yoast SEO plugin v27.1.1 - https:\/\/yoast.com\/product\/yoast-seo-wordpress\/ -->\n<title>IATF France se une a la Asociaci\u00f3n Espa\u00f1ola para la Calidad (AEC) - IATF France<\/title>\n<meta name=\"robots\" content=\"index, follow, max-snippet:-1, max-image-preview:large, max-video-preview:-1\" \/>\n<link rel=\"canonical\" href=\"https:\/\/www.iatf-france.fr\/es\/iatf-france-se-une-a-la-asociacion-espanola-para-la-calidad-aec\/\" \/>\n<meta property=\"og:locale\" content=\"es_ES\" \/>\n<meta property=\"og:type\" content=\"article\" \/>\n<meta property=\"og:title\" content=\"IATF France se une a la Asociaci\u00f3n Espa\u00f1ola para la Calidad (AEC) - IATF France\" \/>\n<meta property=\"og:url\" content=\"https:\/\/www.iatf-france.fr\/es\/iatf-france-se-une-a-la-asociacion-espanola-para-la-calidad-aec\/\" \/>\n<meta property=\"og:site_name\" content=\"IATF France\" \/>\n<meta property=\"article:published_time\" content=\"2025-07-23T12:00:07+00:00\" \/>\n<meta property=\"article:modified_time\" content=\"2025-07-25T07:09:43+00:00\" \/>\n<meta property=\"og:image\" content=\"https:\/\/www.iatf-france.fr\/wp-content\/uploads\/2025\/07\/AEC.jpg\" \/>\n\t<meta property=\"og:image:width\" content=\"794\" \/>\n\t<meta property=\"og:image:height\" content=\"1123\" \/>\n\t<meta property=\"og:image:type\" content=\"image\/jpeg\" \/>\n<meta name=\"author\" content=\"gestion@iatf.com\" \/>\n<meta name=\"twitter:card\" content=\"summary_large_image\" \/>\n<meta name=\"twitter:label1\" content=\"Escrito por\" \/>\n\t<meta name=\"twitter:data1\" content=\"gestion@iatf.com\" \/>\n\t<meta name=\"twitter:label2\" content=\"Tiempo de lectura\" \/>\n\t<meta name=\"twitter:data2\" content=\"1 minuto\" \/>\n<script type=\"application\/ld+json\" class=\"yoast-schema-graph\">{\"@context\":\"https:\/\/schema.org\",\"@graph\":[{\"@type\":\"Article\",\"@id\":\"https:\/\/www.iatf-france.fr\/es\/iatf-france-se-une-a-la-asociacion-espanola-para-la-calidad-aec\/#article\",\"isPartOf\":{\"@id\":\"https:\/\/www.iatf-france.fr\/es\/iatf-france-se-une-a-la-asociacion-espanola-para-la-calidad-aec\/\"},\"author\":{\"name\":\"gestion@iatf.com\",\"@id\":\"https:\/\/www.iatf-france.fr\/es\/#\/schema\/person\/bb246d4fab110c3d2009bd892dc83613\"},\"headline\":\"IATF France se une a la Asociaci\u00f3n Espa\u00f1ola para la Calidad (AEC)\",\"datePublished\":\"2025-07-23T12:00:07+00:00\",\"dateModified\":\"2025-07-25T07:09:43+00:00\",\"mainEntityOfPage\":{\"@id\":\"https:\/\/www.iatf-france.fr\/es\/iatf-france-se-une-a-la-asociacion-espanola-para-la-calidad-aec\/\"},\"wordCount\":14,\"image\":{\"@id\":\"https:\/\/www.iatf-france.fr\/es\/iatf-france-se-une-a-la-asociacion-espanola-para-la-calidad-aec\/#primaryimage\"},\"thumbnailUrl\":\"https:\/\/www.iatf-france.fr\/wp-content\/uploads\/2025\/07\/AEC.jpg\",\"articleSection\":[\"Noticias\"],\"inLanguage\":\"es\"},{\"@type\":\"WebPage\",\"@id\":\"https:\/\/www.iatf-france.fr\/es\/iatf-france-se-une-a-la-asociacion-espanola-para-la-calidad-aec\/\",\"url\":\"https:\/\/www.iatf-france.fr\/es\/iatf-france-se-une-a-la-asociacion-espanola-para-la-calidad-aec\/\",\"name\":\"IATF France se une a la Asociaci\u00f3n Espa\u00f1ola para la Calidad (AEC) - IATF France\",\"isPartOf\":{\"@id\":\"https:\/\/www.iatf-france.fr\/es\/#website\"},\"primaryImageOfPage\":{\"@id\":\"https:\/\/www.iatf-france.fr\/es\/iatf-france-se-une-a-la-asociacion-espanola-para-la-calidad-aec\/#primaryimage\"},\"image\":{\"@id\":\"https:\/\/www.iatf-france.fr\/es\/iatf-france-se-une-a-la-asociacion-espanola-para-la-calidad-aec\/#primaryimage\"},\"thumbnailUrl\":\"https:\/\/www.iatf-france.fr\/wp-content\/uploads\/2025\/07\/AEC.jpg\",\"datePublished\":\"2025-07-23T12:00:07+00:00\",\"dateModified\":\"2025-07-25T07:09:43+00:00\",\"author\":{\"@id\":\"https:\/\/www.iatf-france.fr\/es\/#\/schema\/person\/bb246d4fab110c3d2009bd892dc83613\"},\"breadcrumb\":{\"@id\":\"https:\/\/www.iatf-france.fr\/es\/iatf-france-se-une-a-la-asociacion-espanola-para-la-calidad-aec\/#breadcrumb\"},\"inLanguage\":\"es\",\"potentialAction\":[{\"@type\":\"ReadAction\",\"target\":[\"https:\/\/www.iatf-france.fr\/es\/iatf-france-se-une-a-la-asociacion-espanola-para-la-calidad-aec\/\"]}]},{\"@type\":\"ImageObject\",\"inLanguage\":\"es\",\"@id\":\"https:\/\/www.iatf-france.fr\/es\/iatf-france-se-une-a-la-asociacion-espanola-para-la-calidad-aec\/#primaryimage\",\"url\":\"https:\/\/www.iatf-france.fr\/wp-content\/uploads\/2025\/07\/AEC.jpg\",\"contentUrl\":\"https:\/\/www.iatf-france.fr\/wp-content\/uploads\/2025\/07\/AEC.jpg\",\"width\":794,\"height\":1123},{\"@type\":\"BreadcrumbList\",\"@id\":\"https:\/\/www.iatf-france.fr\/es\/iatf-france-se-une-a-la-asociacion-espanola-para-la-calidad-aec\/#breadcrumb\",\"itemListElement\":[{\"@type\":\"ListItem\",\"position\":1,\"name\":\"Bienvenido\",\"item\":\"https:\/\/www.iatf-france.fr\/es\/\"},{\"@type\":\"ListItem\",\"position\":2,\"name\":\"IATF France se une a la Asociaci\u00f3n Espa\u00f1ola para la Calidad (AEC)\"}]},{\"@type\":\"WebSite\",\"@id\":\"https:\/\/www.iatf-france.fr\/es\/#website\",\"url\":\"https:\/\/www.iatf-france.fr\/es\/\",\"name\":\"IATF France\",\"description\":\"\",\"potentialAction\":[{\"@type\":\"SearchAction\",\"target\":{\"@type\":\"EntryPoint\",\"urlTemplate\":\"https:\/\/www.iatf-france.fr\/es\/?s={search_term_string}\"},\"query-input\":{\"@type\":\"PropertyValueSpecification\",\"valueRequired\":true,\"valueName\":\"search_term_string\"}}],\"inLanguage\":\"es\"},{\"@type\":\"Person\",\"@id\":\"https:\/\/www.iatf-france.fr\/es\/#\/schema\/person\/bb246d4fab110c3d2009bd892dc83613\",\"name\":\"gestion@iatf.com\",\"url\":\"https:\/\/www.iatf-france.fr\/es\/author\/gestioniatf-com\/\"}]}<\/script>\n<!-- \/ Yoast SEO plugin. -->","yoast_head_json":{"title":"IATF France se une a la Asociaci\u00f3n Espa\u00f1ola para la Calidad (AEC) - IATF France","robots":{"index":"index","follow":"follow","max-snippet":"max-snippet:-1","max-image-preview":"max-image-preview:large","max-video-preview":"max-video-preview:-1"},"canonical":"https:\/\/www.iatf-france.fr\/es\/iatf-france-se-une-a-la-asociacion-espanola-para-la-calidad-aec\/","og_locale":"es_ES","og_type":"article","og_title":"IATF France se une a la Asociaci\u00f3n Espa\u00f1ola para la Calidad (AEC) - IATF France","og_url":"https:\/\/www.iatf-france.fr\/es\/iatf-france-se-une-a-la-asociacion-espanola-para-la-calidad-aec\/","og_site_name":"IATF France","article_published_time":"2025-07-23T12:00:07+00:00","article_modified_time":"2025-07-25T07:09:43+00:00","og_image":[{"width":794,"height":1123,"url":"https:\/\/www.iatf-france.fr\/wp-content\/uploads\/2025\/07\/AEC.jpg","type":"image\/jpeg"}],"author":"gestion@iatf.com","twitter_card":"summary_large_image","twitter_misc":{"Escrito por":"gestion@iatf.com","Tiempo de lectura":"1 minuto"},"schema":{"@context":"https:\/\/schema.org","@graph":[{"@type":"Article","@id":"https:\/\/www.iatf-france.fr\/es\/iatf-france-se-une-a-la-asociacion-espanola-para-la-calidad-aec\/#article","isPartOf":{"@id":"https:\/\/www.iatf-france.fr\/es\/iatf-france-se-une-a-la-asociacion-espanola-para-la-calidad-aec\/"},"author":{"name":"gestion@iatf.com","@id":"https:\/\/www.iatf-france.fr\/es\/#\/schema\/person\/bb246d4fab110c3d2009bd892dc83613"},"headline":"IATF France se une a la Asociaci\u00f3n Espa\u00f1ola para la Calidad (AEC)","datePublished":"2025-07-23T12:00:07+00:00","dateModified":"2025-07-25T07:09:43+00:00","mainEntityOfPage":{"@id":"https:\/\/www.iatf-france.fr\/es\/iatf-france-se-une-a-la-asociacion-espanola-para-la-calidad-aec\/"},"wordCount":14,"image":{"@id":"https:\/\/www.iatf-france.fr\/es\/iatf-france-se-une-a-la-asociacion-espanola-para-la-calidad-aec\/#primaryimage"},"thumbnailUrl":"https:\/\/www.iatf-france.fr\/wp-content\/uploads\/2025\/07\/AEC.jpg","articleSection":["Noticias"],"inLanguage":"es"},{"@type":"WebPage","@id":"https:\/\/www.iatf-france.fr\/es\/iatf-france-se-une-a-la-asociacion-espanola-para-la-calidad-aec\/","url":"https:\/\/www.iatf-france.fr\/es\/iatf-france-se-une-a-la-asociacion-espanola-para-la-calidad-aec\/","name":"IATF France se une a la Asociaci\u00f3n Espa\u00f1ola para la Calidad (AEC) - IATF France","isPartOf":{"@id":"https:\/\/www.iatf-france.fr\/es\/#website"},"primaryImageOfPage":{"@id":"https:\/\/www.iatf-france.fr\/es\/iatf-france-se-une-a-la-asociacion-espanola-para-la-calidad-aec\/#primaryimage"},"image":{"@id":"https:\/\/www.iatf-france.fr\/es\/iatf-france-se-une-a-la-asociacion-espanola-para-la-calidad-aec\/#primaryimage"},"thumbnailUrl":"https:\/\/www.iatf-france.fr\/wp-content\/uploads\/2025\/07\/AEC.jpg","datePublished":"2025-07-23T12:00:07+00:00","dateModified":"2025-07-25T07:09:43+00:00","author":{"@id":"https:\/\/www.iatf-france.fr\/es\/#\/schema\/person\/bb246d4fab110c3d2009bd892dc83613"},"breadcrumb":{"@id":"https:\/\/www.iatf-france.fr\/es\/iatf-france-se-une-a-la-asociacion-espanola-para-la-calidad-aec\/#breadcrumb"},"inLanguage":"es","potentialAction":[{"@type":"ReadAction","target":["https:\/\/www.iatf-france.fr\/es\/iatf-france-se-une-a-la-asociacion-espanola-para-la-calidad-aec\/"]}]},{"@type":"ImageObject","inLanguage":"es","@id":"https:\/\/www.iatf-france.fr\/es\/iatf-france-se-une-a-la-asociacion-espanola-para-la-calidad-aec\/#primaryimage","url":"https:\/\/www.iatf-france.fr\/wp-content\/uploads\/2025\/07\/AEC.jpg","contentUrl":"https:\/\/www.iatf-france.fr\/wp-content\/uploads\/2025\/07\/AEC.jpg","width":794,"height":1123},{"@type":"BreadcrumbList","@id":"https:\/\/www.iatf-france.fr\/es\/iatf-france-se-une-a-la-asociacion-espanola-para-la-calidad-aec\/#breadcrumb","itemListElement":[{"@type":"ListItem","position":1,"name":"Bienvenido","item":"https:\/\/www.iatf-france.fr\/es\/"},{"@type":"ListItem","position":2,"name":"IATF France se une a la Asociaci\u00f3n Espa\u00f1ola para la Calidad (AEC)"}]},{"@type":"WebSite","@id":"https:\/\/www.iatf-france.fr\/es\/#website","url":"https:\/\/www.iatf-france.fr\/es\/","name":"IATF France","description":"","potentialAction":[{"@type":"SearchAction","target":{"@type":"EntryPoint","urlTemplate":"https:\/\/www.iatf-france.fr\/es\/?s={search_term_string}"},"query-input":{"@type":"PropertyValueSpecification","valueRequired":true,"valueName":"search_term_string"}}],"inLanguage":"es"},{"@type":"Person","@id":"https:\/\/www.iatf-france.fr\/es\/#\/schema\/person\/bb246d4fab110c3d2009bd892dc83613","name":"gestion@iatf.com","url":"https:\/\/www.iatf-france.fr\/es\/author\/gestioniatf-com\/"}]}},"_links":{"self":[{"href":"https:\/\/www.iatf-france.fr\/es\/wp-json\/wp\/v2\/posts\/3536","targetHints":{"allow":["GET"]}}],"collection":[{"href":"https:\/\/www.iatf-france.fr\/es\/wp-json\/wp\/v2\/posts"}],"about":[{"href":"https:\/\/www.iatf-france.fr\/es\/wp-json\/wp\/v2\/types\/post"}],"author":[{"embeddable":true,"href":"https:\/\/www.iatf-france.fr\/es\/wp-json\/wp\/v2\/users\/3"}],"replies":[{"embeddable":true,"href":"https:\/\/www.iatf-france.fr\/es\/wp-json\/wp\/v2\/comments?post=3536"}],"version-history":[{"count":3,"href":"https:\/\/www.iatf-france.fr\/es\/wp-json\/wp\/v2\/posts\/3536\/revisions"}],"predecessor-version":[{"id":3544,"href":"https:\/\/www.iatf-france.fr\/es\/wp-json\/wp\/v2\/posts\/3536\/revisions\/3544"}],"wp:featuredmedia":[{"embeddable":true,"href":"https:\/\/www.iatf-france.fr\/es\/wp-json\/wp\/v2\/media\/3531"}],"wp:attachment":[{"href":"https:\/\/www.iatf-france.fr\/es\/wp-json\/wp\/v2\/media?parent=3536"}],"wp:term":[{"taxonomy":"category","embeddable":true,"href":"https:\/\/www.iatf-france.fr\/es\/wp-json\/wp\/v2\/categories?post=3536"},{"taxonomy":"post_tag","embeddable":true,"href":"https:\/\/www.iatf-france.fr\/es\/wp-json\/wp\/v2\/tags?post=3536"}],"curies":[{"name":"wp","href":"https:\/\/api.w.org\/{rel}","templated":true}]}}