{"id":3469,"date":"2025-05-27T10:05:38","date_gmt":"2025-05-27T08:05:38","guid":{"rendered":"https:\/\/iatf-france.fr\/?p=3469"},"modified":"2025-05-27T10:38:17","modified_gmt":"2025-05-27T08:38:17","slug":"jornada-iatf-france-21-de-mayo-de-2025-en-versalles","status":"publish","type":"post","link":"https:\/\/www.iatf-france.fr\/es\/jornada-iatf-france-21-de-mayo-de-2025-en-versalles\/","title":{"rendered":"Jornada IATF France \u2013 21 de mayo de 2025 en Versalles"},"content":{"rendered":"<section class=\"single-bloc-4\">\n    <div class=\"container\">\n        <div class=\"row\">\n            <div class=\"col-12 col-md-8 mb-4\">\n                                    <img decoding=\"async\" src=\"https:\/\/www.iatf-france.fr\/wp-content\/uploads\/2025\/05\/1000001665.jpg\" alt=\"\">\n                            <\/div>\n            <div class=\"col-12 col-md-3 offset-xl-1 d-none d-md-block\">\n                <div class=\"projet-suivant\">\n                    <a href=\"https:\/\/www.iatf-france.fr\/es\/iatf-france-participa-en-un-acto-de-la-asociacion-espanola-para-la-calidad-aec\/\">\n                        <h3>\n                            Noticia siguiente                        <\/h3>\n\n                        <h4>IATF France participa en un acto de la Asociaci\u00f3n Espa\u00f1ola para la Calidad (AEC)<\/h4>\n                        <span>\n                            Leer                            <svg xmlns=\"http:\/\/www.w3.org\/2000\/svg\" width=\"15.74\" height=\"15.24\" viewBox=\"0 0 15.74 15.24\">\n                                <g id=\"Icon_feather-arrow-right\" data-name=\"Icon feather-arrow-right\" transform=\"translate(-4.252 -6.086)\">\n                                    <path id=\"Trac\u00e9_95946\" data-name=\"Trac\u00e9 95946\" d=\"M7.5,18H21.24\" transform=\"translate(-2.248 -4.294)\" fill=\"none\" stroke=\"#258aa7\" stroke-linecap=\"round\" stroke-linejoin=\"round\" stroke-width=\"2\" \/>\n                                    <path id=\"Trac\u00e9_95947\" data-name=\"Trac\u00e9 95947\" d=\"M18,7.5l6.206,6.206L18,19.912\" transform=\"translate(-5.214)\" fill=\"none\" stroke=\"#258aa7\" stroke-linecap=\"round\" stroke-linejoin=\"round\" stroke-width=\"2\" \/>\n                                <\/g>\n                            <\/svg>\n                        <\/span>\n                    <\/a>\n                <\/div>\n                <div class=\"projet-precedent\">\n                    <a href=\"https:\/\/www.iatf-france.fr\/es\/primera-reunion-del-grupo-de-trabajo-tecnico-entre-iatf-france-y-sernauto\/\">\n                        <h3>\n                            Noticia anterior                        <\/h3>\n                        <h4>Primera reuni\u00f3n del Grupo de Trabajo T\u00e9cnico entre IATF France y SERNAUTO<\/h4>\n                        <span>\n                            Leer<svg xmlns=\"http:\/\/www.w3.org\/2000\/svg\" width=\"15.74\" height=\"15.24\" viewBox=\"0 0 15.74 15.24\">\n                                <g id=\"Icon_feather-arrow-right\" data-name=\"Icon feather-arrow-right\" transform=\"translate(-4.252 -6.086)\">\n                                    <path id=\"Trac\u00e9_95946\" data-name=\"Trac\u00e9 95946\" d=\"M7.5,18H21.24\" transform=\"translate(-2.248 -4.294)\" fill=\"none\" stroke=\"#258aa7\" stroke-linecap=\"round\" stroke-linejoin=\"round\" stroke-width=\"2\" \/>\n                                    <path id=\"Trac\u00e9_95947\" data-name=\"Trac\u00e9 95947\" d=\"M18,7.5l6.206,6.206L18,19.912\" transform=\"translate(-5.214)\" fill=\"none\" stroke=\"#258aa7\" stroke-linecap=\"round\" stroke-linejoin=\"round\" stroke-width=\"2\" \/>\n                                <\/g>\n                            <\/svg>\n                        <\/span>\n                    <\/a>\n                <\/div>\n            <\/div>\n            <div class=\"col-12 col-md-8 content\">\n                <div class=\"d-flex\">\n                    <div class=\"date\">\n                        <p><svg xmlns=\"http:\/\/www.w3.org\/2000\/svg\" width=\"15.356\" height=\"16.333\" viewBox=\"0 0 15.356 16.333\">\n                                <g id=\"Groupe_75\" data-name=\"Groupe 75\" transform=\"translate(-32.558 -154.717)\">\n                                    <rect id=\"Rectangle_59\" data-name=\"Rectangle 59\" width=\"14.356\" height=\"13.993\" transform=\"translate(33.058 156.558)\" fill=\"none\" stroke=\"#258aa7\" stroke-linecap=\"round\" stroke-linejoin=\"round\" stroke-width=\"1\" \/>\n                                    <line id=\"Ligne_156\" data-name=\"Ligne 156\" y1=\"2.063\" transform=\"translate(36.084 155.217)\" fill=\"none\" stroke=\"#258aa7\" stroke-linecap=\"round\" stroke-linejoin=\"round\" stroke-width=\"1\" \/>\n                                    <line id=\"Ligne_157\" data-name=\"Ligne 157\" y1=\"2.063\" transform=\"translate(44.389 155.217)\" fill=\"none\" stroke=\"#258aa7\" stroke-linecap=\"round\" stroke-linejoin=\"round\" stroke-width=\"1\" \/>\n                                    <line id=\"Ligne_158\" data-name=\"Ligne 158\" x2=\"14.356\" transform=\"translate(33.058 159.79)\" fill=\"none\" stroke=\"#258aa7\" stroke-linecap=\"round\" stroke-linejoin=\"round\" stroke-width=\"1\" \/>\n                                    <line id=\"Ligne_159\" data-name=\"Ligne 159\" y1=\"2.063\" transform=\"translate(36.084 155.217)\" fill=\"none\" stroke=\"#258aa7\" stroke-linecap=\"round\" stroke-linejoin=\"round\" stroke-width=\"1\" \/>\n                                    <line id=\"Ligne_160\" data-name=\"Ligne 160\" x2=\"1.499\" transform=\"translate(35.403 163.368)\" fill=\"none\" stroke=\"#258aa7\" stroke-linecap=\"round\" stroke-linejoin=\"round\" stroke-width=\"1\" \/>\n                                    <line id=\"Ligne_161\" data-name=\"Ligne 161\" x2=\"1.499\" transform=\"translate(39.498 163.368)\" fill=\"none\" stroke=\"#258aa7\" stroke-linecap=\"round\" stroke-linejoin=\"round\" stroke-width=\"1\" \/>\n                                    <line id=\"Ligne_162\" data-name=\"Ligne 162\" x2=\"1.499\" transform=\"translate(43.592 163.368)\" fill=\"none\" stroke=\"#258aa7\" stroke-linecap=\"round\" stroke-linejoin=\"round\" stroke-width=\"1\" \/>\n                                    <line id=\"Ligne_163\" data-name=\"Ligne 163\" x2=\"1.499\" transform=\"translate(35.403 166.847)\" fill=\"none\" stroke=\"#258aa7\" stroke-linecap=\"round\" stroke-linejoin=\"round\" stroke-width=\"1\" \/>\n                                    <line id=\"Ligne_164\" data-name=\"Ligne 164\" x2=\"1.499\" transform=\"translate(39.498 166.847)\" fill=\"none\" stroke=\"#258aa7\" stroke-linecap=\"round\" stroke-linejoin=\"round\" stroke-width=\"1\" \/>\n                                    <line id=\"Ligne_165\" data-name=\"Ligne 165\" x2=\"1.499\" transform=\"translate(43.592 166.847)\" fill=\"none\" stroke=\"#258aa7\" stroke-linecap=\"round\" stroke-linejoin=\"round\" stroke-width=\"1\" \/>\n                                <\/g>\n                            <\/svg>\n                            27\/05\/2025<\/p>\n                    <\/div>\n                    <!--<div class=\"auteur\">\n                        <p>gestion@iatf.com<\/p>\n                    <\/div>-->\n                <\/div>\n                <h1>Jornada IATF France \u2013 21 de mayo de 2025 en Versalles<\/h1>\n                <div class=\"descritpion\"><p>La Jornada IATF France se celebr\u00f3 el 21 de mayo de 2025 en Versalles. Este evento anual, organizado por IATF France, reuni\u00f3 a todos los actores clave del esquema IATF, en una din\u00e1mica de colaboraci\u00f3n y mejora continua.<\/p>\n<p>Estuvieron presentes los miembros de IATF representados por<strong>\u00a0FIEV, Renault Group, Stellantis Group, Volvo Group,<\/strong>\u00a0as\u00ed como los organismos de certificaci\u00f3n asociados <strong>AENOR Confia, AFNOR Certification y UTAC<\/strong>, acompa\u00f1ados por<strong>\u00a0Eurosymbiose<\/strong>, nuestro socio en formaci\u00f3n.<\/p>\n<p>Esta jornada permiti\u00f3 abordar temas estrat\u00e9gicos para la evoluci\u00f3n del esquema IATF, favoreciendo el intercambio de experiencias, el fortalecimiento de las buenas pr\u00e1cticas y la b\u00fasqueda de acciones concretas para mejorar la eficacia y la solidez del sistema.<\/p>\n<p>Un agradecimiento especial a todos los participantes por su compromiso y su contribuci\u00f3n al \u00e9xito de esta jornada.<\/p>\n<\/div>\n            <\/div>\n        <\/div>\n<\/section>","protected":false},"excerpt":{"rendered":"","protected":false},"author":3,"featured_media":3456,"comment_status":"closed","ping_status":"closed","sticky":false,"template":"","format":"standard","meta":{"_acf_changed":false,"inline_featured_image":false,"footnotes":""},"categories":[127],"tags":[],"class_list":["post-3469","post","type-post","status-publish","format-standard","has-post-thumbnail","hentry","category-noticias"],"acf":[],"yoast_head":"<!-- This site is optimized with the Yoast SEO plugin v27.1.1 - https:\/\/yoast.com\/product\/yoast-seo-wordpress\/ -->\n<title>Jornada IATF France \u2013 21 de mayo de 2025 en Versalles - IATF France<\/title>\n<meta name=\"robots\" content=\"index, follow, max-snippet:-1, max-image-preview:large, max-video-preview:-1\" \/>\n<link rel=\"canonical\" href=\"https:\/\/www.iatf-france.fr\/es\/jornada-iatf-france-21-de-mayo-de-2025-en-versalles\/\" \/>\n<meta property=\"og:locale\" content=\"es_ES\" \/>\n<meta property=\"og:type\" content=\"article\" \/>\n<meta property=\"og:title\" content=\"Jornada IATF France \u2013 21 de mayo de 2025 en Versalles - IATF France\" \/>\n<meta property=\"og:url\" content=\"https:\/\/www.iatf-france.fr\/es\/jornada-iatf-france-21-de-mayo-de-2025-en-versalles\/\" \/>\n<meta property=\"og:site_name\" content=\"IATF France\" \/>\n<meta property=\"article:published_time\" content=\"2025-05-27T08:05:38+00:00\" \/>\n<meta property=\"article:modified_time\" content=\"2025-05-27T08:38:17+00:00\" \/>\n<meta property=\"og:image\" content=\"https:\/\/www.iatf-france.fr\/wp-content\/uploads\/2025\/05\/1000001665.jpg\" \/>\n\t<meta property=\"og:image:width\" content=\"1920\" \/>\n\t<meta property=\"og:image:height\" content=\"1146\" \/>\n\t<meta property=\"og:image:type\" content=\"image\/jpeg\" \/>\n<meta name=\"author\" content=\"gestion@iatf.com\" \/>\n<meta name=\"twitter:card\" content=\"summary_large_image\" \/>\n<meta name=\"twitter:label1\" content=\"Escrito por\" \/>\n\t<meta name=\"twitter:data1\" content=\"gestion@iatf.com\" \/>\n\t<meta name=\"twitter:label2\" content=\"Tiempo de lectura\" \/>\n\t<meta name=\"twitter:data2\" content=\"1 minuto\" \/>\n<script type=\"application\/ld+json\" class=\"yoast-schema-graph\">{\"@context\":\"https:\/\/schema.org\",\"@graph\":[{\"@type\":\"Article\",\"@id\":\"https:\/\/www.iatf-france.fr\/es\/jornada-iatf-france-21-de-mayo-de-2025-en-versalles\/#article\",\"isPartOf\":{\"@id\":\"https:\/\/www.iatf-france.fr\/es\/jornada-iatf-france-21-de-mayo-de-2025-en-versalles\/\"},\"author\":{\"name\":\"gestion@iatf.com\",\"@id\":\"https:\/\/www.iatf-france.fr\/es\/#\/schema\/person\/bb246d4fab110c3d2009bd892dc83613\"},\"headline\":\"Jornada IATF France \u2013 21 de mayo de 2025 en Versalles\",\"datePublished\":\"2025-05-27T08:05:38+00:00\",\"dateModified\":\"2025-05-27T08:38:17+00:00\",\"mainEntityOfPage\":{\"@id\":\"https:\/\/www.iatf-france.fr\/es\/jornada-iatf-france-21-de-mayo-de-2025-en-versalles\/\"},\"wordCount\":8,\"image\":{\"@id\":\"https:\/\/www.iatf-france.fr\/es\/jornada-iatf-france-21-de-mayo-de-2025-en-versalles\/#primaryimage\"},\"thumbnailUrl\":\"https:\/\/www.iatf-france.fr\/wp-content\/uploads\/2025\/05\/1000001665.jpg\",\"articleSection\":[\"Noticias\"],\"inLanguage\":\"es\"},{\"@type\":\"WebPage\",\"@id\":\"https:\/\/www.iatf-france.fr\/es\/jornada-iatf-france-21-de-mayo-de-2025-en-versalles\/\",\"url\":\"https:\/\/www.iatf-france.fr\/es\/jornada-iatf-france-21-de-mayo-de-2025-en-versalles\/\",\"name\":\"Jornada IATF France \u2013 21 de mayo de 2025 en Versalles - IATF France\",\"isPartOf\":{\"@id\":\"https:\/\/www.iatf-france.fr\/es\/#website\"},\"primaryImageOfPage\":{\"@id\":\"https:\/\/www.iatf-france.fr\/es\/jornada-iatf-france-21-de-mayo-de-2025-en-versalles\/#primaryimage\"},\"image\":{\"@id\":\"https:\/\/www.iatf-france.fr\/es\/jornada-iatf-france-21-de-mayo-de-2025-en-versalles\/#primaryimage\"},\"thumbnailUrl\":\"https:\/\/www.iatf-france.fr\/wp-content\/uploads\/2025\/05\/1000001665.jpg\",\"datePublished\":\"2025-05-27T08:05:38+00:00\",\"dateModified\":\"2025-05-27T08:38:17+00:00\",\"author\":{\"@id\":\"https:\/\/www.iatf-france.fr\/es\/#\/schema\/person\/bb246d4fab110c3d2009bd892dc83613\"},\"breadcrumb\":{\"@id\":\"https:\/\/www.iatf-france.fr\/es\/jornada-iatf-france-21-de-mayo-de-2025-en-versalles\/#breadcrumb\"},\"inLanguage\":\"es\",\"potentialAction\":[{\"@type\":\"ReadAction\",\"target\":[\"https:\/\/www.iatf-france.fr\/es\/jornada-iatf-france-21-de-mayo-de-2025-en-versalles\/\"]}]},{\"@type\":\"ImageObject\",\"inLanguage\":\"es\",\"@id\":\"https:\/\/www.iatf-france.fr\/es\/jornada-iatf-france-21-de-mayo-de-2025-en-versalles\/#primaryimage\",\"url\":\"https:\/\/www.iatf-france.fr\/wp-content\/uploads\/2025\/05\/1000001665.jpg\",\"contentUrl\":\"https:\/\/www.iatf-france.fr\/wp-content\/uploads\/2025\/05\/1000001665.jpg\",\"width\":1920,\"height\":1146},{\"@type\":\"BreadcrumbList\",\"@id\":\"https:\/\/www.iatf-france.fr\/es\/jornada-iatf-france-21-de-mayo-de-2025-en-versalles\/#breadcrumb\",\"itemListElement\":[{\"@type\":\"ListItem\",\"position\":1,\"name\":\"Bienvenido\",\"item\":\"https:\/\/www.iatf-france.fr\/es\/\"},{\"@type\":\"ListItem\",\"position\":2,\"name\":\"Jornada IATF France \u2013 21 de mayo de 2025 en Versalles\"}]},{\"@type\":\"WebSite\",\"@id\":\"https:\/\/www.iatf-france.fr\/es\/#website\",\"url\":\"https:\/\/www.iatf-france.fr\/es\/\",\"name\":\"IATF France\",\"description\":\"\",\"potentialAction\":[{\"@type\":\"SearchAction\",\"target\":{\"@type\":\"EntryPoint\",\"urlTemplate\":\"https:\/\/www.iatf-france.fr\/es\/?s={search_term_string}\"},\"query-input\":{\"@type\":\"PropertyValueSpecification\",\"valueRequired\":true,\"valueName\":\"search_term_string\"}}],\"inLanguage\":\"es\"},{\"@type\":\"Person\",\"@id\":\"https:\/\/www.iatf-france.fr\/es\/#\/schema\/person\/bb246d4fab110c3d2009bd892dc83613\",\"name\":\"gestion@iatf.com\",\"url\":\"https:\/\/www.iatf-france.fr\/es\/author\/gestioniatf-com\/\"}]}<\/script>\n<!-- \/ Yoast SEO plugin. -->","yoast_head_json":{"title":"Jornada IATF France \u2013 21 de mayo de 2025 en Versalles - IATF France","robots":{"index":"index","follow":"follow","max-snippet":"max-snippet:-1","max-image-preview":"max-image-preview:large","max-video-preview":"max-video-preview:-1"},"canonical":"https:\/\/www.iatf-france.fr\/es\/jornada-iatf-france-21-de-mayo-de-2025-en-versalles\/","og_locale":"es_ES","og_type":"article","og_title":"Jornada IATF France \u2013 21 de mayo de 2025 en Versalles - IATF France","og_url":"https:\/\/www.iatf-france.fr\/es\/jornada-iatf-france-21-de-mayo-de-2025-en-versalles\/","og_site_name":"IATF France","article_published_time":"2025-05-27T08:05:38+00:00","article_modified_time":"2025-05-27T08:38:17+00:00","og_image":[{"width":1920,"height":1146,"url":"https:\/\/www.iatf-france.fr\/wp-content\/uploads\/2025\/05\/1000001665.jpg","type":"image\/jpeg"}],"author":"gestion@iatf.com","twitter_card":"summary_large_image","twitter_misc":{"Escrito por":"gestion@iatf.com","Tiempo de lectura":"1 minuto"},"schema":{"@context":"https:\/\/schema.org","@graph":[{"@type":"Article","@id":"https:\/\/www.iatf-france.fr\/es\/jornada-iatf-france-21-de-mayo-de-2025-en-versalles\/#article","isPartOf":{"@id":"https:\/\/www.iatf-france.fr\/es\/jornada-iatf-france-21-de-mayo-de-2025-en-versalles\/"},"author":{"name":"gestion@iatf.com","@id":"https:\/\/www.iatf-france.fr\/es\/#\/schema\/person\/bb246d4fab110c3d2009bd892dc83613"},"headline":"Jornada IATF France \u2013 21 de mayo de 2025 en Versalles","datePublished":"2025-05-27T08:05:38+00:00","dateModified":"2025-05-27T08:38:17+00:00","mainEntityOfPage":{"@id":"https:\/\/www.iatf-france.fr\/es\/jornada-iatf-france-21-de-mayo-de-2025-en-versalles\/"},"wordCount":8,"image":{"@id":"https:\/\/www.iatf-france.fr\/es\/jornada-iatf-france-21-de-mayo-de-2025-en-versalles\/#primaryimage"},"thumbnailUrl":"https:\/\/www.iatf-france.fr\/wp-content\/uploads\/2025\/05\/1000001665.jpg","articleSection":["Noticias"],"inLanguage":"es"},{"@type":"WebPage","@id":"https:\/\/www.iatf-france.fr\/es\/jornada-iatf-france-21-de-mayo-de-2025-en-versalles\/","url":"https:\/\/www.iatf-france.fr\/es\/jornada-iatf-france-21-de-mayo-de-2025-en-versalles\/","name":"Jornada IATF France \u2013 21 de mayo de 2025 en Versalles - IATF France","isPartOf":{"@id":"https:\/\/www.iatf-france.fr\/es\/#website"},"primaryImageOfPage":{"@id":"https:\/\/www.iatf-france.fr\/es\/jornada-iatf-france-21-de-mayo-de-2025-en-versalles\/#primaryimage"},"image":{"@id":"https:\/\/www.iatf-france.fr\/es\/jornada-iatf-france-21-de-mayo-de-2025-en-versalles\/#primaryimage"},"thumbnailUrl":"https:\/\/www.iatf-france.fr\/wp-content\/uploads\/2025\/05\/1000001665.jpg","datePublished":"2025-05-27T08:05:38+00:00","dateModified":"2025-05-27T08:38:17+00:00","author":{"@id":"https:\/\/www.iatf-france.fr\/es\/#\/schema\/person\/bb246d4fab110c3d2009bd892dc83613"},"breadcrumb":{"@id":"https:\/\/www.iatf-france.fr\/es\/jornada-iatf-france-21-de-mayo-de-2025-en-versalles\/#breadcrumb"},"inLanguage":"es","potentialAction":[{"@type":"ReadAction","target":["https:\/\/www.iatf-france.fr\/es\/jornada-iatf-france-21-de-mayo-de-2025-en-versalles\/"]}]},{"@type":"ImageObject","inLanguage":"es","@id":"https:\/\/www.iatf-france.fr\/es\/jornada-iatf-france-21-de-mayo-de-2025-en-versalles\/#primaryimage","url":"https:\/\/www.iatf-france.fr\/wp-content\/uploads\/2025\/05\/1000001665.jpg","contentUrl":"https:\/\/www.iatf-france.fr\/wp-content\/uploads\/2025\/05\/1000001665.jpg","width":1920,"height":1146},{"@type":"BreadcrumbList","@id":"https:\/\/www.iatf-france.fr\/es\/jornada-iatf-france-21-de-mayo-de-2025-en-versalles\/#breadcrumb","itemListElement":[{"@type":"ListItem","position":1,"name":"Bienvenido","item":"https:\/\/www.iatf-france.fr\/es\/"},{"@type":"ListItem","position":2,"name":"Jornada IATF France \u2013 21 de mayo de 2025 en Versalles"}]},{"@type":"WebSite","@id":"https:\/\/www.iatf-france.fr\/es\/#website","url":"https:\/\/www.iatf-france.fr\/es\/","name":"IATF France","description":"","potentialAction":[{"@type":"SearchAction","target":{"@type":"EntryPoint","urlTemplate":"https:\/\/www.iatf-france.fr\/es\/?s={search_term_string}"},"query-input":{"@type":"PropertyValueSpecification","valueRequired":true,"valueName":"search_term_string"}}],"inLanguage":"es"},{"@type":"Person","@id":"https:\/\/www.iatf-france.fr\/es\/#\/schema\/person\/bb246d4fab110c3d2009bd892dc83613","name":"gestion@iatf.com","url":"https:\/\/www.iatf-france.fr\/es\/author\/gestioniatf-com\/"}]}},"_links":{"self":[{"href":"https:\/\/www.iatf-france.fr\/es\/wp-json\/wp\/v2\/posts\/3469","targetHints":{"allow":["GET"]}}],"collection":[{"href":"https:\/\/www.iatf-france.fr\/es\/wp-json\/wp\/v2\/posts"}],"about":[{"href":"https:\/\/www.iatf-france.fr\/es\/wp-json\/wp\/v2\/types\/post"}],"author":[{"embeddable":true,"href":"https:\/\/www.iatf-france.fr\/es\/wp-json\/wp\/v2\/users\/3"}],"replies":[{"embeddable":true,"href":"https:\/\/www.iatf-france.fr\/es\/wp-json\/wp\/v2\/comments?post=3469"}],"version-history":[{"count":3,"href":"https:\/\/www.iatf-france.fr\/es\/wp-json\/wp\/v2\/posts\/3469\/revisions"}],"predecessor-version":[{"id":3481,"href":"https:\/\/www.iatf-france.fr\/es\/wp-json\/wp\/v2\/posts\/3469\/revisions\/3481"}],"wp:featuredmedia":[{"embeddable":true,"href":"https:\/\/www.iatf-france.fr\/es\/wp-json\/wp\/v2\/media\/3456"}],"wp:attachment":[{"href":"https:\/\/www.iatf-france.fr\/es\/wp-json\/wp\/v2\/media?parent=3469"}],"wp:term":[{"taxonomy":"category","embeddable":true,"href":"https:\/\/www.iatf-france.fr\/es\/wp-json\/wp\/v2\/categories?post=3469"},{"taxonomy":"post_tag","embeddable":true,"href":"https:\/\/www.iatf-france.fr\/es\/wp-json\/wp\/v2\/tags?post=3469"}],"curies":[{"name":"wp","href":"https:\/\/api.w.org\/{rel}","templated":true}]}}